{"id":14324,"date":"2010-01-26T12:34:47","date_gmt":"2010-01-26T11:34:47","guid":{"rendered":"http:\/\/www.24gliwice.pl\/wiadomosci\/?p=14324"},"modified":"2010-01-26T13:31:59","modified_gmt":"2010-01-26T12:31:59","slug":"wybierz-z-nami-bzdure-roku-2009","status":"publish","type":"post","link":"https:\/\/24gliwice.pl\/test\/wybierz-z-nami-bzdure-roku-2009\/","title":{"rendered":"Czytelnicy wybrali &#8220;Bzdur\u0119 Roku 2009&#8221;"},"content":{"rendered":"<p><img loading=\"lazy\" loading=\"lazy\" decoding=\"async\" src=\"http:\/\/www.24gliwice.pl\/wiadomosci\/wp-content\/uploads\/2010\/01\/bzdura.jpg\" alt=\"\" title=\"bzdura\" width=\"300\" height=\"201\" class=\"alignleft size-medium wp-image-15076\" \/>Przez ponad dwa tygodnie nasi Czytelnicy mogli wskazywa\u0107 najbardziej absurdalne, niefortunne czy szkodliwe wydarzenia lub pomys\u0142y zas\u0142uguj\u0105ce na ma\u0142o zaszczytny tytu\u0142 &#8220;Bzdury Roku 2009&#8221;.  <\/p>\n<h3>Zobacz ostateczne wyniki.<\/h3>\n<p><!--more--><\/p>\n<p>Na stronach 24gliwice.pl zamie\u015bcili\u015bmy 12 propozycji. Wybrali\u015bmy je spo\u015br\u00f3d tych wydarze\u0144, kt\u00f3re budzi\u0142y najwi\u0119cej kontrowersji i wywo\u0142ywa\u0142y najgor\u0119tsze dyskusje internaut\u00f3w. Czytelnicy g\u0142osuj\u0105c za pomoc\u0105 specjalnie utworzonej sondy, mogli wskaza\u0107 maksymalnie 3 wydarzenia zas\u0142uguj\u0105ce na &#8220;Bzdur\u0119 Roku&#8221;.<\/p>\n<h1>Miejsce 1.<\/h1>\n<p>Internauci nie mieli w\u0105tpliwo\u015bci, \u017ce <strong>&#8220;Bzdur\u0105 Roku 2009&#8221; by\u0142a likwidacja tramwaju w Gliwicach<\/strong> (39% wszystkich g\u0142osuj\u0105cych). Wydarzenie bez w\u0105tpienia budzi\u0142o i ci\u0105gle budzi ogromne kontrowersje. Likwidacja tramwaju sta\u0142a si\u0119 te\u017c bezpo\u015bredni\u0105 przyczyn\u0105 nieudanego referendum w sprawie odwo\u0142ania prezydenta i gliwickich radnych.<\/p>\n<h3>\n<p><img loading=\"lazy\" loading=\"lazy\" decoding=\"async\" src=\"http:\/\/www.24gliwice.pl\/wiadomosci\/wp-content\/uploads\/2009\/08\/tramwaj-ostatni-100x100.jpg\" alt=\"\" title=\"tramwaj-ostatni\" width=\"50\" height=\"50\" class=\"alignleft size-thumbnail wp-image-9143\" \/>Likwidacja tramwaju w Gliwicach.<br \/>\n<a href=\"http:\/\/www.24gliwice.pl\/wiadomosci\/?p=9157\" target=\"_blank\">Przeczytaj >><\/a><br \/>\n<\/h3>\n<p>.<\/p>\n<hr>\n<h1>Miejsce 2.<\/h1>\n<p>Na podium znalaz\u0142o si\u0119 te\u017c wspomniane ju\u017c listopadowe referendum (35% wszystkich g\u0142os\u00f3w), kt\u00f3re kosztowa\u0142o gliwickich podatnik\u00f3w ok. 300 tysi\u0119cy z\u0142otych, a wybra\u0142o si\u0119 na nie zaledwie nieco ponad 11% wyborc\u00f3w. Na skutek nieudolnie prowadzonej przez referendyst\u00f3w kampanii, wyborcy woleli zosta\u0107 w domu.<\/p>\n<h3>\n<img loading=\"lazy\" loading=\"lazy\" decoding=\"async\" src=\"http:\/\/www.24gliwice.pl\/wiadomosci\/wp-content\/uploads\/2009\/11\/plakaty-referendum-100x100.gif\" alt=\"\" title=\"plakaty-referendum\" width=\"50\" height=\"50\" class=\"alignleft size-thumbnail wp-image-12283\" \/>Referendum w sprawie odwo\u0142ania Prezydenta i Rady Miejskiej.<br \/>\n<a href=\"http:\/\/www.24gliwice.pl\/wiadomosci\/?p=12164\" target=\"_blank\">Przeczytaj >><\/a><\/h3>\n<p>.<\/p>\n<hr>\n<h1>Miejsce 3.<\/h1>\n<p>Marsza\u0142ek \u015amigielski gliwiczaninem nie jest, ale nasi Czytelnicy (26%) zauwa\u017cyli jego destrukcyjne dzia\u0142ania w sprawie budowy hali Podium. Efektem decyzji marsza\u0142ka b\u0119dzie w najlepszym razie op\u00f3\u017anienie budowy, kt\u00f3ra cieszy si\u0119 ogromnym poparciem w\u015br\u00f3d mieszka\u0144c\u00f3w.<\/p>\n<h3><img loading=\"lazy\" loading=\"lazy\" decoding=\"async\" src=\"http:\/\/www.24gliwice.pl\/wiadomosci\/wp-content\/uploads\/2009\/10\/smigielski-100x100.jpg\" alt=\"\" title=\"smigielski\" width=\"50\" height=\"50\" class=\"alignleft size-thumbnail wp-image-11018\" \/>Marsza\u0142ek \u015amigielski utrudnia budow\u0119 Podium.<br \/>\n<a href=\"http:\/\/www.24gliwice.pl\/wiadomosci\/?p=10806\" target=\"_blank\">Przeczytaj >><\/a><\/h3>\n<p>.<\/p>\n<hr>\n<p><img loading=\"lazy\" loading=\"lazy\" decoding=\"async\" src=\"http:\/\/www.24gliwice.pl\/wiadomosci\/wp-content\/uploads\/2009\/09\/autobus-a4-1-100x100.jpg\" alt=\"\" title=\"autobus-a4-1\" width=\"50\" height=\"50\" class=\"alignleft size-thumbnail wp-image-9219\" \/>4. Konsultacje w sprawie zadowolenia z linii autobusowej A4.<br \/>\n<a href=\"http:\/\/www.24gliwice.pl\/wiadomosci\/?p=6805\" target=\"_blank\">Przeczytaj >><\/a><\/p>\n<p>.<br \/>\n<img loading=\"lazy\" loading=\"lazy\" decoding=\"async\" src=\"http:\/\/www.24gliwice.pl\/wiadomosci\/wp-content\/uploads\/2009\/11\/lampka-100x100.jpg\" alt=\"\" title=\"lampka\" width=\"50\" height=\"50\" class=\"alignleft size-thumbnail wp-image-12208\" \/>5.  Lampka Vattenfalla przy ul. Zwyci\u0119stwa.<br \/>\n<a href=\"http:\/\/www.24gliwice.pl\/wiadomosci\/?p=12202\" target=\"_blank\">Przeczytaj >><\/a><br \/>\n.<\/p>\n<p><img loading=\"lazy\" loading=\"lazy\" decoding=\"async\" src=\"http:\/\/www.24gliwice.pl\/wiadomosci\/wp-content\/uploads\/2009\/08\/dworzec2-100x100.jpg\" alt=\"\" title=\"dworzec2\" width=\"50\" height=\"50\" class=\"alignleft size-thumbnail wp-image-8521\" \/>6. Zamykanie dworca PKP na noc.<br \/>\n<a href=\"http:\/\/www.24gliwice.pl\/wiadomosci\/?p=8505\" target=\"_blank\">Przeczytaj >><\/a><\/p>\n<p>.<br \/>\n<img loading=\"lazy\" loading=\"lazy\" decoding=\"async\" src=\"http:\/\/www.24gliwice.pl\/wiadomosci\/wp-content\/uploads\/2009\/06\/nowy-urzad-mapka-100x100.jpg\" alt=\"\" title=\"nowy-urzad-mapka\" width=\"50\" height=\"50\" class=\"alignleft size-thumbnail wp-image-6300\" \/>7. Koncepcja budowy Urz\u0119du Miejskiego na dzia\u0142kach przy Pl. Pi\u0142sudskiego. <a href=\"http:\/\/www.24gliwice.pl\/wiadomosci\/?p=6294\" target=\"_blank\">Przeczytaj >><\/a><\/p>\n<p>.<\/p>\n<p><img loading=\"lazy\" loading=\"lazy\" decoding=\"async\" src=\"http:\/\/www.24gliwice.pl\/wiadomosci\/wp-content\/uploads\/2009\/08\/6dbc_sala-rada-100x100.jpg\" alt=\"\" title=\"6dbc_sala-rada.jpg\" width=\"50\" height=\"50\" class=\"alignleft size-thumbnail wp-image-8837\" \/>8. Nowa sala sesyjna dla radnych.<br \/>\n<a href=\"http:\/\/www.24gliwice.pl\/wiadomosci\/?p=5357\" target=\"_blank\">Przeczytaj >><\/a><\/p>\n<p>.<\/p>\n<p><img loading=\"lazy\" loading=\"lazy\" decoding=\"async\" src=\"http:\/\/www.24gliwice.pl\/wiadomosci\/wp-content\/uploads\/2010\/01\/02f1_przekroj-100x100.jpg\" alt=\"\" title=\"przekroj\" width=\"50\" height=\"50\" class=\"alignleft size-thumbnail wp-image-5984\" \/>9. Promocja Gliwic w tygodniku ?Przekr\u00f3j?.<br \/>\n<a href=\"http:\/\/www.24gliwice.pl\/wiadomosci\/?p=5975\" target=\"_blank\">Przeczytaj >><\/a><\/p>\n<p>.<\/p>\n<p><img loading=\"lazy\" loading=\"lazy\" decoding=\"async\" src=\"http:\/\/www.24gliwice.pl\/wiadomosci\/wp-content\/uploads\/2009\/11\/dscf7217-21-100x100.jpg\" alt=\"\" title=\"DONCASTER\" width=\"50\" height=\"50\" class=\"alignleft size-thumbnail wp-image-12356\" \/>10. Milion z\u0142otych na remont skweru Doncaster.<br \/>\n<a href=\"http:\/\/www.24gliwice.pl\/wiadomosci\/?p=12326\" target=\"_blank\">Przeczytaj >><\/a><\/p>\n<p>.<\/p>\n<hr>\n<p>[poll id=&#8221;34&#8243;]<\/p>\n","protected":false},"excerpt":{"rendered":"<p>W G\u0141OSOWANIU ZORGANIZOWANYM PRZEZ GAZET\u0118 MIEJSK\u0104 I PORTAL 24GLIWICE.PL ODDANO W SUMIE 747 G\u0141OS\u00d3W.<\/p>\n","protected":false},"author":1,"featured_media":15076,"comment_status":"open","ping_status":"closed","sticky":false,"template":"","format":"standard","meta":{"footnotes":"","_links_to":"","_links_to_target":""},"categories":[3,1,8,9],"tags":[],"class_list":{"0":"post-14324","1":"post","2":"type-post","3":"status-publish","4":"format-standard","5":"has-post-thumbnail","7":"category-gliwice","8":"category-pozostale","9":"category-referendum","10":"category-aktualnosci_lokalne"},"_links":{"self":[{"href":"https:\/\/24gliwice.pl\/test\/wp-json\/wp\/v2\/posts\/14324","targetHints":{"allow":["GET"]}}],"collection":[{"href":"https:\/\/24gliwice.pl\/test\/wp-json\/wp\/v2\/posts"}],"about":[{"href":"https:\/\/24gliwice.pl\/test\/wp-json\/wp\/v2\/types\/post"}],"author":[{"embeddable":true,"href":"https:\/\/24gliwice.pl\/test\/wp-json\/wp\/v2\/users\/1"}],"replies":[{"embeddable":true,"href":"https:\/\/24gliwice.pl\/test\/wp-json\/wp\/v2\/comments?post=14324"}],"version-history":[{"count":80,"href":"https:\/\/24gliwice.pl\/test\/wp-json\/wp\/v2\/posts\/14324\/revisions"}],"predecessor-version":[{"id":15085,"href":"https:\/\/24gliwice.pl\/test\/wp-json\/wp\/v2\/posts\/14324\/revisions\/15085"}],"wp:featuredmedia":[{"embeddable":true,"href":"https:\/\/24gliwice.pl\/test\/wp-json\/wp\/v2\/media\/15076"}],"wp:attachment":[{"href":"https:\/\/24gliwice.pl\/test\/wp-json\/wp\/v2\/media?parent=14324"}],"wp:term":[{"taxonomy":"category","embeddable":true,"href":"https:\/\/24gliwice.pl\/test\/wp-json\/wp\/v2\/categories?post=14324"},{"taxonomy":"post_tag","embeddable":true,"href":"https:\/\/24gliwice.pl\/test\/wp-json\/wp\/v2\/tags?post=14324"}],"curies":[{"name":"wp","href":"https:\/\/api.w.org\/{rel}","templated":true}]}}