{"id":19499,"date":"2010-06-18T16:39:53","date_gmt":"2010-06-18T14:39:53","guid":{"rendered":"http:\/\/www.24gliwice.pl\/wiadomosci\/?p=19499"},"modified":"2010-06-18T16:41:52","modified_gmt":"2010-06-18T14:41:52","slug":"dzik-spowodowal-wypadek-na-dk-88","status":"publish","type":"post","link":"https:\/\/24gliwice.pl\/test\/dzik-spowodowal-wypadek-na-dk-88\/","title":{"rendered":"Dzik spowodowa\u0142 wypadek na DK 88"},"content":{"rendered":"<h3><img loading=\"lazy\" loading=\"lazy\" decoding=\"async\" src=\"http:\/\/www.24gliwice.pl\/wiadomosci\/wp-content\/uploads\/2010\/06\/1731485828-100x100.jpg\" alt=\"\" title=\"1731485828\" width=\"100\" height=\"96\" class=\"alignleft size-thumbnail wp-image-19497\" \/>5 os\u00f3b rannych w wypadku na Drodze Krajowej nr 88.<\/h3>\n<p> Najpowa\u017cniejszych obra\u017ce\u0144 dozna\u0142 20-letni kierowca z Gliwic, kt\u00f3ry chcia\u0142 omin\u0105\u0107 le\u017c\u0105cego na jezdni dzika i wjecha\u0142 na przeciwleg\u0142y pas jezdni, gdzie zderzy\u0142 si\u0119 z nadje\u017cd\u017caj\u0105cymi samochodami. <!--more--><\/p>\n<h3>Rannego kierowc\u0119 peugeota z zakleszczonego pojazdu uwolnili stra\u017cacy, kt\u00f3rzy wycinali zgniecione elementy samochodu. Pozostali ranni to pracownicy jednej z gliwickich firm, kt\u00f3rzy jechali do pracy. <\/h3>\n<p><img loading=\"lazy\" loading=\"lazy\" decoding=\"async\" src=\"http:\/\/www.24gliwice.pl\/wiadomosci\/wp-content\/uploads\/2010\/06\/292319751.jpg\" alt=\"\" title=\"292319751\" width=\"400\" height=\"300\" class=\"aligncenter size-full wp-image-19498\" srcset=\"https:\/\/24gliwice.pl\/test\/wp-content\/uploads\/2010\/06\/292319751.jpg 400w, https:\/\/24gliwice.pl\/test\/wp-content\/uploads\/2010\/06\/292319751-300x225.jpg 300w\" sizes=\"auto, (max-width: 400px) 100vw, 400px\" \/><\/p>\n<p>Droga Krajowa nr 88 zosta\u0142a ca\u0142kowicie zablokowana. Policjanci wystawili swoje posterunki na zjazdach w Biskupicach oraz Mikulczycach. Po godzinie uda\u0142o si\u0119 odblokowa\u0107 jeden pas jezdni w kierunku Bytomia. Droga w obu kierunkach jest ju\u017c odblokowana.<\/p>\n<p>(KMP Zabrze)<\/p>\n","protected":false},"excerpt":{"rendered":"<p>ZDERZENIE TRZECH SAMOCHOD\u00d3W.<\/p>\n","protected":false},"author":1,"featured_media":70668,"comment_status":"open","ping_status":"closed","sticky":false,"template":"","format":"standard","meta":{"footnotes":"","_links_to":"","_links_to_target":""},"categories":[3,5],"tags":[],"class_list":{"0":"post-19499","1":"post","2":"type-post","3":"status-publish","4":"format-standard","5":"has-post-thumbnail","7":"category-gliwice","8":"category-kryminalki"},"_links":{"self":[{"href":"https:\/\/24gliwice.pl\/test\/wp-json\/wp\/v2\/posts\/19499","targetHints":{"allow":["GET"]}}],"collection":[{"href":"https:\/\/24gliwice.pl\/test\/wp-json\/wp\/v2\/posts"}],"about":[{"href":"https:\/\/24gliwice.pl\/test\/wp-json\/wp\/v2\/types\/post"}],"author":[{"embeddable":true,"href":"https:\/\/24gliwice.pl\/test\/wp-json\/wp\/v2\/users\/1"}],"replies":[{"embeddable":true,"href":"https:\/\/24gliwice.pl\/test\/wp-json\/wp\/v2\/comments?post=19499"}],"version-history":[{"count":7,"href":"https:\/\/24gliwice.pl\/test\/wp-json\/wp\/v2\/posts\/19499\/revisions"}],"predecessor-version":[{"id":19506,"href":"https:\/\/24gliwice.pl\/test\/wp-json\/wp\/v2\/posts\/19499\/revisions\/19506"}],"wp:featuredmedia":[{"embeddable":true,"href":"https:\/\/24gliwice.pl\/test\/wp-json\/wp\/v2\/media\/70668"}],"wp:attachment":[{"href":"https:\/\/24gliwice.pl\/test\/wp-json\/wp\/v2\/media?parent=19499"}],"wp:term":[{"taxonomy":"category","embeddable":true,"href":"https:\/\/24gliwice.pl\/test\/wp-json\/wp\/v2\/categories?post=19499"},{"taxonomy":"post_tag","embeddable":true,"href":"https:\/\/24gliwice.pl\/test\/wp-json\/wp\/v2\/tags?post=19499"}],"curies":[{"name":"wp","href":"https:\/\/api.w.org\/{rel}","templated":true}]}}