{"id":19545,"date":"2010-06-21T12:38:50","date_gmt":"2010-06-21T10:38:50","guid":{"rendered":"http:\/\/www.24gliwice.pl\/wiadomosci\/?p=19545"},"modified":"2010-06-29T13:39:20","modified_gmt":"2010-06-29T11:39:20","slug":"zbiorka-elektrosmieci","status":"publish","type":"post","link":"https:\/\/24gliwice.pl\/test\/zbiorka-elektrosmieci\/","title":{"rendered":"Zbi\u00f3rka elektro\u015bmieci. Tym razem w Ostropie, Wilczym Gardle, os. Wary\u0144skiego i \u0141ab\u0119dach"},"content":{"rendered":"<h3><img loading=\"lazy\" loading=\"lazy\" decoding=\"async\" src=\"http:\/\/www.24gliwice.pl\/wiadomosci\/wp-content\/uploads\/2010\/06\/794211_old_t_v_-100x100.jpg\" alt=\"\" title=\"794211_old_t_v_\" width=\"100\" height=\"96\" class=\"alignleft size-thumbnail wp-image-19544\" \/>Opr\u00f3\u017cnij gara\u017c i piwnic\u0119, w czwartek i sobot\u0119 b\u0119d\u0105 zbiera\u0107 elektro\u015bmieci.<\/h3>\n<p> W Gliwicach trwa akcja zbierania starych telewizor\u00f3w, lod\u00f3wek i pralek. Organizuje j\u0105 Wydzia\u0142 \u015arodowiska Urz\u0119du Miejskiego we wsp\u00f3\u0142pracy z krakowsk\u0105 Organizacj\u0105 Odzysku BIOSYSTEM.<br \/>\n<!--more--><\/p>\n<p>? Raz w miesi\u0105cu (od maja do pa\u017adziernika) w poszczeg\u00f3lnych dzielnicach miasta b\u0119dziemy zbiera\u0107 elektorodpady. W najbli\u017cszych dniach odwiedzimy Ostrop\u0119, Wilcze Gard\u0142o, osiedle Wary\u0144skiego oraz \u0141ab\u0119dy ? informuje <strong>Dariusz Stanek z Wydzia\u0142u \u015arodowiska UM<\/strong>. <\/p>\n<p><strong>Gdzie i kiedy pojawi\u0105 si\u0119 specjalnie oznakowane stanowiska, w kt\u00f3rych b\u0119dzie mo\u017cna zostawi\u0107 stary sprz\u0119t?<\/strong><\/p>\n<p><strong>24 czerwca, godz. 15.00 ? 18.30 <\/strong>? parking przy ul. \u017babi\u0144skiego (w s\u0105siedztwie ?Biedronki?), plac przed ko\u015bcio\u0142em Zes\u0142ania Ducha \u015awi\u0119tego przy ul. Daszy\u0144skiego oraz Plac Ja\u015bminu.<br \/>\n<strong>26 czerwca, godz. 9.00 ? 13.00 <\/strong>? teren Zespo\u0142u Szk\u00f3\u0142 Og\u00f3lnokszta\u0142c\u0105cych nr 2 przy ul. Partyzant\u00f3w 25.<\/p>\n<h3>Ka\u017cda osoba, kt\u00f3ra odda np. stary telewizor, telefon, monitor, lod\u00f3wk\u0119, kuchenk\u0119, pralk\u0119, niedzia\u0142aj\u0105ce radio, zu\u017cyte \u015bwietl\u00f3wki energooszcz\u0119dne lub inne niepotrzebne urz\u0105dzenia, otrzyma w zamian upominek. <\/h3>\n<p>Zbi\u00f3rk\u0105 elektro\u015bmieci zajmuje si\u0119 gliwicka firma UTIKO (ul. Poniatowskiego 29).<\/p>\n<h1>Nale\u017cy pami\u0119ta\u0107, \u017ce elektroodpad\u00f3w nie wolno wyrzuca\u0107 do \u015bmietnika. <\/h1>\n<p>Starych czy zepsutych urz\u0105dze\u0144 nie nale\u017cy tak\u017ce przechowywa\u0107. Zawieraj\u0105 one toksyczne metale ci\u0119\u017ckie oraz niebezpieczne zwi\u0105zki chemiczne. Bior\u0105c udzia\u0142 w miejskiej akcji, mo\u017cna pozby\u0107 si\u0119 nie tylko przedmiot\u00f3w kompletnie ju\u017c niepotrzebnych, lecz zadba\u0107 przy okazji o w\u0142asne zdrowie i najbli\u017csze otoczenie. <\/p>\n","protected":false},"excerpt":{"rendered":"<p>ELEKTROODPAD\u00d3W NIE WOLNO WYRZUCA\u0106 DO \u015aMIETNIKA.<\/p>\n","protected":false},"author":1,"featured_media":0,"comment_status":"open","ping_status":"closed","sticky":false,"template":"","format":"standard","meta":{"footnotes":"","_links_to":"","_links_to_target":""},"categories":[1],"tags":[],"class_list":{"0":"post-19545","1":"post","2":"type-post","3":"status-publish","4":"format-standard","6":"category-pozostale"},"_links":{"self":[{"href":"https:\/\/24gliwice.pl\/test\/wp-json\/wp\/v2\/posts\/19545","targetHints":{"allow":["GET"]}}],"collection":[{"href":"https:\/\/24gliwice.pl\/test\/wp-json\/wp\/v2\/posts"}],"about":[{"href":"https:\/\/24gliwice.pl\/test\/wp-json\/wp\/v2\/types\/post"}],"author":[{"embeddable":true,"href":"https:\/\/24gliwice.pl\/test\/wp-json\/wp\/v2\/users\/1"}],"replies":[{"embeddable":true,"href":"https:\/\/24gliwice.pl\/test\/wp-json\/wp\/v2\/comments?post=19545"}],"version-history":[{"count":4,"href":"https:\/\/24gliwice.pl\/test\/wp-json\/wp\/v2\/posts\/19545\/revisions"}],"predecessor-version":[{"id":19846,"href":"https:\/\/24gliwice.pl\/test\/wp-json\/wp\/v2\/posts\/19545\/revisions\/19846"}],"wp:attachment":[{"href":"https:\/\/24gliwice.pl\/test\/wp-json\/wp\/v2\/media?parent=19545"}],"wp:term":[{"taxonomy":"category","embeddable":true,"href":"https:\/\/24gliwice.pl\/test\/wp-json\/wp\/v2\/categories?post=19545"},{"taxonomy":"post_tag","embeddable":true,"href":"https:\/\/24gliwice.pl\/test\/wp-json\/wp\/v2\/tags?post=19545"}],"curies":[{"name":"wp","href":"https:\/\/api.w.org\/{rel}","templated":true}]}}