{"id":19555,"date":"2010-06-21T13:09:46","date_gmt":"2010-06-21T11:09:46","guid":{"rendered":"http:\/\/www.24gliwice.pl\/wiadomosci\/?p=19555"},"modified":"2010-06-21T13:10:56","modified_gmt":"2010-06-21T11:10:56","slug":"piast-wznawia-treningi-bez-wilczka-i-olszara","status":"publish","type":"post","link":"https:\/\/24gliwice.pl\/test\/piast-wznawia-treningi-bez-wilczka-i-olszara\/","title":{"rendered":"Piast wznawia treningi. Bez Wilczka i Olszara"},"content":{"rendered":"<h3><img loading=\"lazy\" loading=\"lazy\" decoding=\"async\" src=\"http:\/\/www.24gliwice.pl\/wiadomosci\/wp-content\/uploads\/2010\/05\/piast_cracovia2010-100x100.jpg\" alt=\"\" title=\"piast_cracovia2010\" width=\"100\" height=\"96\" class=\"alignleft size-thumbnail wp-image-18409\" \/>Urlopy zawodnik\u00f3w i trener\u00f3w gliwickiej dru\u017cyny dobieg\u0142y ko\u0144ca.<\/h3>\n<p> W poniedzia\u0142ek, 21 czerwca, dru\u017cyna po raz pierwszy mia\u0142a okazj\u0119 spotka\u0107 si\u0119 z nowymi trenerami, Marcinem Broszem i Dariuszem Dudkiem. Zaj\u0119cia rozpocz\u0119\u0142y si\u0119 dzi\u015b o godzinie 10.00. <!--more--><\/p>\n<h3>Pewne jest, \u017ce na pierwszych zaj\u0119ciach nie pojawi\u0105 Sebastian Olszar i Kamil Wilczek. Oni maj\u0105 ju\u017c nowych pracodawc\u00f3w.<\/h3>\n<p>Do gliwickiego Piasta do\u0142\u0105czy\u0142 Micha\u0142 Cha\u0142bi\u0144ski. Prawdopodobnie nie b\u0119dzie to jedyny letni transfer. Ju\u017c w najbli\u017cszych dniach trenerzy chc\u0105 skompletowa\u0107 dru\u017cyn\u0119, kt\u00f3ra powalczy o powr\u00f3t do Ekstraklasy. <\/p>\n<h1>Priorytetem jest pozyskanie do\u015bwiadczonego bramkarza. <\/h1>\n<p>Bior\u0105c pod uwag\u0119 mo\u017cliwo\u015b\u0107 odej\u015bcia Kamila Glika i, przynajmniej na razie, brak Mateusza Kowalskiego trzeba te\u017c my\u015ble\u0107 o pi\u0142karzach na pozycj\u0119 stoper\u00f3w.<\/p>\n","protected":false},"excerpt":{"rendered":"<p>DRU\u017bYNA CHCE POWALCZY\u0106 O POWR\u00d3T DO EKSTRAKLASY.<\/p>\n","protected":false},"author":1,"featured_media":70666,"comment_status":"open","ping_status":"closed","sticky":false,"template":"","format":"standard","meta":{"footnotes":"","_links_to":"","_links_to_target":""},"categories":[3],"tags":[],"class_list":{"0":"post-19555","1":"post","2":"type-post","3":"status-publish","4":"format-standard","5":"has-post-thumbnail","7":"category-gliwice"},"_links":{"self":[{"href":"https:\/\/24gliwice.pl\/test\/wp-json\/wp\/v2\/posts\/19555","targetHints":{"allow":["GET"]}}],"collection":[{"href":"https:\/\/24gliwice.pl\/test\/wp-json\/wp\/v2\/posts"}],"about":[{"href":"https:\/\/24gliwice.pl\/test\/wp-json\/wp\/v2\/types\/post"}],"author":[{"embeddable":true,"href":"https:\/\/24gliwice.pl\/test\/wp-json\/wp\/v2\/users\/1"}],"replies":[{"embeddable":true,"href":"https:\/\/24gliwice.pl\/test\/wp-json\/wp\/v2\/comments?post=19555"}],"version-history":[{"count":4,"href":"https:\/\/24gliwice.pl\/test\/wp-json\/wp\/v2\/posts\/19555\/revisions"}],"predecessor-version":[{"id":19559,"href":"https:\/\/24gliwice.pl\/test\/wp-json\/wp\/v2\/posts\/19555\/revisions\/19559"}],"wp:featuredmedia":[{"embeddable":true,"href":"https:\/\/24gliwice.pl\/test\/wp-json\/wp\/v2\/media\/70666"}],"wp:attachment":[{"href":"https:\/\/24gliwice.pl\/test\/wp-json\/wp\/v2\/media?parent=19555"}],"wp:term":[{"taxonomy":"category","embeddable":true,"href":"https:\/\/24gliwice.pl\/test\/wp-json\/wp\/v2\/categories?post=19555"},{"taxonomy":"post_tag","embeddable":true,"href":"https:\/\/24gliwice.pl\/test\/wp-json\/wp\/v2\/tags?post=19555"}],"curies":[{"name":"wp","href":"https:\/\/api.w.org\/{rel}","templated":true}]}}