{"id":19562,"date":"2010-06-21T13:31:00","date_gmt":"2010-06-21T11:31:00","guid":{"rendered":"http:\/\/www.24gliwice.pl\/wiadomosci\/?p=19562"},"modified":"2010-06-21T18:44:05","modified_gmt":"2010-06-21T16:44:05","slug":"pijak-za-kierownica-rozbil-3-auta-i-labedzia","status":"publish","type":"post","link":"https:\/\/24gliwice.pl\/test\/pijak-za-kierownica-rozbil-3-auta-i-labedzia\/","title":{"rendered":"Pijak za kierownic\u0105. Rozbi\u0142 3 auta i \u0142ab\u0119dzia"},"content":{"rendered":"<h3><img loading=\"lazy\" loading=\"lazy\" decoding=\"async\" src=\"http:\/\/www.24gliwice.pl\/wiadomosci\/wp-content\/uploads\/2010\/06\/1652026150-300x225.jpg\" alt=\"\" title=\"1652026150\" width=\"300\" height=\"219\" class=\"alignleft size-medium wp-image-19560\" \/>W pi\u0105tkowy wiecz\u00f3r, 18 czerwca, policjanci z komisariatu policji w \u0141ab\u0119dach zatrzymali nietrze\u017awego kierowc\u0119, kt\u00f3ry spowodowa\u0142 4 kolizje.<\/h3>\n<p> Pocz\u0105tek eskapady 42-letniego mieszka\u0144ca Siemianowic mia\u0142 miejsce na ulicy Zwyci\u0119stwa, gdzie  przy ?okr\u0105glaku? cofaj\u0105c volkswagenem uderzy\u0142 w jad\u0105cego za nim forda.<!--more--><\/p>\n<p>T\u0119 kolizj\u0119 zarejestrowa\u0142 miejski monitoring. Sprawca uciek\u0142 z miejsca zdarzenia. Szukaj\u0105cy go policjanci ju\u017c po kilku minutach otrzymali zg\u0142oszenie o kolejnych &#8220;przygodach&#8221;. Na ulicy Portowej doprowadzi\u0142 do zderzenia z renault laguna i r\u00f3wnie\u017c uciek\u0142. Kierowca laguny pojecha\u0142 jednak za odje\u017cd\u017caj\u0105cym sprawc\u0105 w kierunku \u0141ab\u0119d.<\/p>\n<h3>Kolejnym celem mistrza kierownicy by\u0142 kwietnik w formie \u0142ab\u0119dzia na skrzy\u017cowaniu ulic Portowej i Staromiejskiej. Uszkodzi\u0142 jego podstaw\u0119 i wyrwa\u0142 kilkana\u015bcie kwiat\u00f3w.<\/h3>\n<p>Koniec przeja\u017cd\u017cki i ostatnia czwarta kolizja mia\u0142a miejsce na ulicy Strzelc\u00f3w Bytomskich, gdzie sprawca uderzy\u0142 w renaulta espace.<\/p>\n<p><img loading=\"lazy\" loading=\"lazy\" decoding=\"async\" src=\"http:\/\/www.24gliwice.pl\/wiadomosci\/wp-content\/uploads\/2010\/06\/488801329.jpg\" alt=\"\" title=\"488801329\" width=\"400\" height=\"300\" class=\"aligncenter size-full wp-image-19561\" srcset=\"https:\/\/24gliwice.pl\/test\/wp-content\/uploads\/2010\/06\/488801329.jpg 400w, https:\/\/24gliwice.pl\/test\/wp-content\/uploads\/2010\/06\/488801329-300x225.jpg 300w\" sizes=\"auto, (max-width: 400px) 100vw, 400px\" \/><\/p>\n<p>M\u0119\u017cczyzna zosta\u0142 zatrzymany w policyjnym areszcie. <\/p>\n<h1>Badanie trze\u017awo\u015bci wykaza\u0142o u niego ponad 2 promile alkoholu we krwi.<\/h1>\n<p>Teraz odpowie przed S\u0105dem za kierowanie w stanie nietrze\u017awym, spowodowanie czterech kolizji i ucieczki z miejsca zdarze\u0144.<\/p>\n","protected":false},"excerpt":{"rendered":"<p>MIA\u0141 2 PROMILE ALKOHOLU WE KRWI.<\/p>\n","protected":false},"author":1,"featured_media":70665,"comment_status":"open","ping_status":"closed","sticky":false,"template":"","format":"standard","meta":{"footnotes":"","_links_to":"","_links_to_target":""},"categories":[3,5,9],"tags":[],"class_list":{"0":"post-19562","1":"post","2":"type-post","3":"status-publish","4":"format-standard","5":"has-post-thumbnail","7":"category-gliwice","8":"category-kryminalki","9":"category-aktualnosci_lokalne"},"_links":{"self":[{"href":"https:\/\/24gliwice.pl\/test\/wp-json\/wp\/v2\/posts\/19562","targetHints":{"allow":["GET"]}}],"collection":[{"href":"https:\/\/24gliwice.pl\/test\/wp-json\/wp\/v2\/posts"}],"about":[{"href":"https:\/\/24gliwice.pl\/test\/wp-json\/wp\/v2\/types\/post"}],"author":[{"embeddable":true,"href":"https:\/\/24gliwice.pl\/test\/wp-json\/wp\/v2\/users\/1"}],"replies":[{"embeddable":true,"href":"https:\/\/24gliwice.pl\/test\/wp-json\/wp\/v2\/comments?post=19562"}],"version-history":[{"count":6,"href":"https:\/\/24gliwice.pl\/test\/wp-json\/wp\/v2\/posts\/19562\/revisions"}],"predecessor-version":[{"id":19568,"href":"https:\/\/24gliwice.pl\/test\/wp-json\/wp\/v2\/posts\/19562\/revisions\/19568"}],"wp:featuredmedia":[{"embeddable":true,"href":"https:\/\/24gliwice.pl\/test\/wp-json\/wp\/v2\/media\/70665"}],"wp:attachment":[{"href":"https:\/\/24gliwice.pl\/test\/wp-json\/wp\/v2\/media?parent=19562"}],"wp:term":[{"taxonomy":"category","embeddable":true,"href":"https:\/\/24gliwice.pl\/test\/wp-json\/wp\/v2\/categories?post=19562"},{"taxonomy":"post_tag","embeddable":true,"href":"https:\/\/24gliwice.pl\/test\/wp-json\/wp\/v2\/tags?post=19562"}],"curies":[{"name":"wp","href":"https:\/\/api.w.org\/{rel}","templated":true}]}}