{"id":19589,"date":"2010-06-22T09:08:36","date_gmt":"2010-06-22T07:08:36","guid":{"rendered":"http:\/\/www.24gliwice.pl\/wiadomosci\/?p=19589"},"modified":"2010-06-22T09:13:25","modified_gmt":"2010-06-22T07:13:25","slug":"auchan-na-polmetku-zobacz-wizualizacje","status":"publish","type":"post","link":"https:\/\/24gliwice.pl\/test\/auchan-na-polmetku-zobacz-wizualizacje\/","title":{"rendered":"Auchan na p\u00f3\u0142metku. Zobacz wizualizacje"},"content":{"rendered":"<h3><img loading=\"lazy\" loading=\"lazy\" decoding=\"async\" src=\"http:\/\/www.24gliwice.pl\/wiadomosci\/wp-content\/uploads\/2010\/06\/auchan-wiz_m.jpg\" alt=\"\" title=\"auchan-wiz_m\" width=\"300\" height=\"178\" class=\"alignleft size-medium wp-image-19590\" \/>Prace przy budowie kompleksu handlowego Auchan przy ul. Rybnickiej nabieraj\u0105 tempa. <\/h3>\n<p> R\u00f3wnolegle przebudowywany jest uk\u0142ad drogowy w rejonie skrzy\u017cowania ulic Rybnickiej i Knurowskiej. Ca\u0142o\u015b\u0107 ma by\u0107 gotowa ju\u017c pod koniec roku. Kolejne w Gliwicach centrum handlowe, tym razem firmy Auchan, powstaje na licz\u0105cej ponad 46 ha dzia\u0142ce przy ul. Rybnickiej. <!--more--><\/p>\n<p>Gliwiczanie b\u0119d\u0105 mogli robi\u0107 zakupy w hipermarkecie z galeri\u0105 handlow\u0105 mieszcz\u0105c\u0105 60 butik\u00f3w (o \u0142\u0105cznej powierzchni ok. 27 tys. m. kw.), w wielkopowierzchniowych sklepach bran\u017cy ?dom i ogr\u00f3d? oraz z artyku\u0142ami sportowymi. Wiadomo ju\u017c, \u017ce w\u015br\u00f3d najemc\u00f3w s\u0105  m.in. takie firmy jak CCC, Camaieu, Orsay, Triumph czy Sephora. <\/p>\n<h1>W bezpo\u015brednim s\u0105siedztwie kompleksu zbudowana zostanie stacja benzynowa. <\/h1>\n<p>Budowa centrum handlowego Auchan realizowana jest r\u00f3wnolegle z inwestycjami drogowymi na ul. Rybnickiej. <\/p>\n<p><img loading=\"lazy\" loading=\"lazy\" decoding=\"async\" src=\"http:\/\/www.24gliwice.pl\/wiadomosci\/wp-content\/uploads\/2010\/06\/auchan-1-wiz-strona.jpg\" alt=\"\" title=\"auchan-1-wiz-strona\" width=\"500\" height=\"385\" class=\"aligncenter size-full wp-image-19588\" srcset=\"https:\/\/24gliwice.pl\/test\/wp-content\/uploads\/2010\/06\/auchan-1-wiz-strona.jpg 520w, https:\/\/24gliwice.pl\/test\/wp-content\/uploads\/2010\/06\/auchan-1-wiz-strona-300x231.jpg 300w\" sizes=\"auto, (max-width: 500px) 100vw, 500px\" \/><\/p>\n<h3>Przysz\u0142y kompleks ma by\u0107 po\u0142\u0105czony na wysoko\u015bci ulicy Knurowskiej dwupoziomowym zjazdem. Zapewni on nie tylko dogodny dojazd klientom centrum ale r\u00f3wnie\u017c, a mo\u017ce przede wszystkim, poprawi sytuacj\u0119 na skrzy\u017cowaniu  ul. Rybnickiej i Knurowskiej. <\/h3>\n<p>Brak sygnalizacji \u015bwietlnej i du\u017cy ruch samochodowy powodowa\u0142y, \u017ce by\u0142o to miejsce niebezpieczne. Teraz dzi\u0119ki inwestycji Auchan pojawi si\u0119 tam m.in. rondo, a newralgiczny odcinek ul. Rybnickiej zostanie zmodernizowany. <\/p>\n<p><img loading=\"lazy\" loading=\"lazy\" decoding=\"async\" src=\"http:\/\/www.24gliwice.pl\/wiadomosci\/wp-content\/uploads\/2010\/06\/auchan-wiz-www.jpg\" alt=\"\" title=\"auchan-wiz-www\" width=\"500\" height=\"393\" class=\"aligncenter size-full wp-image-19587\" srcset=\"https:\/\/24gliwice.pl\/test\/wp-content\/uploads\/2010\/06\/auchan-wiz-www.jpg 520w, https:\/\/24gliwice.pl\/test\/wp-content\/uploads\/2010\/06\/auchan-wiz-www-300x235.jpg 300w\" sizes=\"auto, (max-width: 500px) 100vw, 500px\" \/><\/p>\n<h3>Koszty tej inwestycji drogowej to kilkadziesi\u0105t milion\u00f3w z\u0142otych. W ca\u0142o\u015bci pokrywa je firma Auchan.<\/h3>\n<p>Kierowcy jad\u0105cy do Knurowa i \u017bernicy powinni odczu\u0107 popraw\u0119 ju\u017c pod koniec roku. <\/p>\n<p>Jak informuje <strong>Dorota Patejko, rzecznik prasowy sp\u00f3\u0142ki Auchan Polska<\/strong>, realizacja inwestycji nie przekroczy\u0142a jeszcze p\u00f3\u0142metka. Obecnie trwaj\u0105 prace przy budowie hali g\u0142\u00f3wnej. Tak samo zaawansowana jest przebudowa skrzy\u017cowania ul. Rybnickiej i Knurowskiej wraz z obiektem mostowym. <\/p>\n<p><img loading=\"lazy\" loading=\"lazy\" decoding=\"async\" src=\"http:\/\/www.24gliwice.pl\/wiadomosci\/wp-content\/uploads\/2010\/06\/auchan-22-wiz-www.jpg\" alt=\"\" title=\"auchan-22-wiz-www\" width=\"500\" height=\"409\" class=\"aligncenter size-full wp-image-19586\" srcset=\"https:\/\/24gliwice.pl\/test\/wp-content\/uploads\/2010\/06\/auchan-22-wiz-www.jpg 520w, https:\/\/24gliwice.pl\/test\/wp-content\/uploads\/2010\/06\/auchan-22-wiz-www-300x245.jpg 300w\" sizes=\"auto, (max-width: 500px) 100vw, 500px\" \/><\/p>\n<p><img loading=\"lazy\" loading=\"lazy\" decoding=\"async\" src=\"http:\/\/www.24gliwice.pl\/wiadomosci\/wp-content\/uploads\/2010\/06\/auchan-2-www.jpg\" alt=\"\" title=\"auchan-2-www\" width=\"500\" height=\"280\" class=\"aligncenter size-full wp-image-19585\" srcset=\"https:\/\/24gliwice.pl\/test\/wp-content\/uploads\/2010\/06\/auchan-2-www.jpg 520w, https:\/\/24gliwice.pl\/test\/wp-content\/uploads\/2010\/06\/auchan-2-www-300x168.jpg 300w\" sizes=\"auto, (max-width: 500px) 100vw, 500px\" \/><\/p>\n<p>Nowy kompleks handlowy przy ul. Rybnickiej, to nie tylko nowe miejsce zakup\u00f3w. Jego uruchomienie spowoduje powstanie kilkuset miejsc pracy. Wzbogaci si\u0119 r\u00f3wnie\u017c miejska kasa. Z tytu\u0142u lokalnych podatk\u00f3w wp\u0142ynie do niej rocznie ok. 2 mln z\u0142otych. <\/p>\n<p><strong>Nina Drzewiecka<\/strong><\/p>\n<blockquote>\n<h2><a href=\"http:\/\/www.24gliwice.pl\/wiadomosci\/?p=15313\">Zobacz te\u017c: Auchan przebuduje skrzy\u017cowanie<\/a><\/h2>\n<\/blockquote>\n","protected":false},"excerpt":{"rendered":"<p>ZBUDUJ\u0104 CENTRUM HANDLOWE I NOWE SKRZY\u017bOWANIE.<\/p>\n","protected":false},"author":1,"featured_media":19590,"comment_status":"open","ping_status":"closed","sticky":false,"template":"","format":"standard","meta":{"footnotes":"","_links_to":"","_links_to_target":""},"categories":[3,9],"tags":[],"class_list":{"0":"post-19589","1":"post","2":"type-post","3":"status-publish","4":"format-standard","5":"has-post-thumbnail","7":"category-gliwice","8":"category-aktualnosci_lokalne"},"_links":{"self":[{"href":"https:\/\/24gliwice.pl\/test\/wp-json\/wp\/v2\/posts\/19589","targetHints":{"allow":["GET"]}}],"collection":[{"href":"https:\/\/24gliwice.pl\/test\/wp-json\/wp\/v2\/posts"}],"about":[{"href":"https:\/\/24gliwice.pl\/test\/wp-json\/wp\/v2\/types\/post"}],"author":[{"embeddable":true,"href":"https:\/\/24gliwice.pl\/test\/wp-json\/wp\/v2\/users\/1"}],"replies":[{"embeddable":true,"href":"https:\/\/24gliwice.pl\/test\/wp-json\/wp\/v2\/comments?post=19589"}],"version-history":[{"count":7,"href":"https:\/\/24gliwice.pl\/test\/wp-json\/wp\/v2\/posts\/19589\/revisions"}],"predecessor-version":[{"id":19597,"href":"https:\/\/24gliwice.pl\/test\/wp-json\/wp\/v2\/posts\/19589\/revisions\/19597"}],"wp:featuredmedia":[{"embeddable":true,"href":"https:\/\/24gliwice.pl\/test\/wp-json\/wp\/v2\/media\/19590"}],"wp:attachment":[{"href":"https:\/\/24gliwice.pl\/test\/wp-json\/wp\/v2\/media?parent=19589"}],"wp:term":[{"taxonomy":"category","embeddable":true,"href":"https:\/\/24gliwice.pl\/test\/wp-json\/wp\/v2\/categories?post=19589"},{"taxonomy":"post_tag","embeddable":true,"href":"https:\/\/24gliwice.pl\/test\/wp-json\/wp\/v2\/tags?post=19589"}],"curies":[{"name":"wp","href":"https:\/\/api.w.org\/{rel}","templated":true}]}}