{"id":19626,"date":"2010-06-23T14:22:59","date_gmt":"2010-06-23T12:22:59","guid":{"rendered":"http:\/\/www.24gliwice.pl\/wiadomosci\/?p=19626"},"modified":"2010-06-25T13:54:48","modified_gmt":"2010-06-25T11:54:48","slug":"zielone-swiatlo-dla-podium","status":"publish","type":"post","link":"https:\/\/24gliwice.pl\/test\/zielone-swiatlo-dla-podium\/","title":{"rendered":"Zielone \u015bwiat\u0142o dla Podium. Czy to koniec przepychanki?"},"content":{"rendered":"<h3><img loading=\"lazy\" loading=\"lazy\" decoding=\"async\" src=\"http:\/\/www.24gliwice.pl\/wiadomosci\/wp-content\/uploads\/2010\/04\/podium21-300x209.jpg\" alt=\"\" title=\"podium21\" width=\"300\" height=\"209\" class=\"alignleft size-medium wp-image-17495\" srcset=\"https:\/\/24gliwice.pl\/test\/wp-content\/uploads\/2010\/04\/podium21-300x209.jpg 300w, https:\/\/24gliwice.pl\/test\/wp-content\/uploads\/2010\/04\/podium21.jpg 640w\" sizes=\"auto, (max-width: 300px) 100vw, 300px\" \/>Do Urz\u0119du Miasta trafi\u0142o w\u0142a\u015bnie pismo UOKiK-u skierowane do marsza\u0142ka \u015amigielskiego, z kt\u00f3rego wynika, \u017ce do tej pory projekt by\u0142 blokowany z niejasnych powod\u00f3w.<\/h3>\n<p>&#8211; W zwi\u0105zku z tym jeste\u015bmy przekonani, \u017ce lada moment b\u0119dziemy t\u0119 inwestycj\u0119 realizowa\u0107 bo w tej sytuacji marsza\u0142ek b\u0119dzie musia\u0142 podj\u0105\u0107 z nami realn\u0105 wsp\u00f3\u0142prac\u0119   &#8211; m\u00f3wi\u0142 na konferencji prasowej <strong>Piotr Wieczorek,<\/strong> zast\u0119pca prezydenta miasta.  <!--more--><\/p>\n<p>Przetarg na budow\u0119 prawdopodobnie zostanie og\u0142oszony na prze\u0142omie lipca i sierpnia. <\/p>\n<p>W pi\u015bmie, <strong>Piotr Pa\u0142ka <\/strong>&#8211; dyrektor Monitorowania Pomocy Publicznej zwraca marsza\u0142kowi uwag\u0119 na fakt, i\u017c pro\u015bba o notyfikacj\u0119 tej inwestycji, z jak\u0105 zwr\u00f3ci\u0142 si\u0119 on do UOKiK -u nie jest zasadna.<br \/>\n.<\/p>\n<blockquote><p>&#8220;Pa\u0144stwa cz\u0142onkowskie jednoznacznie uznaj\u0105, \u017ce transfer \u015brodk\u00f3w publicznych mi\u0119dzy organami administracji publicznej nie stanowi pomocy publicznej. Przedmiotowy przypadek stanowi\u0142by precedens. Wycofanie tego wniosku pozwoli\u0142oby Panu rozpocz\u0105\u0107 realizacj\u0119 inwestycji natychmiast&#8221; &#8211; czytamy w pi\u015bmie. <\/p><\/blockquote>\n<h3>Czy opinia zawarta w pi\u015bmie UOKiK-u ostatecznie zamyka spraw\u0119 przepychanek o Podium mi\u0119dzy w\u0142adzami Gliwic a marsza\u0142kiem \u015amigielskim?<\/h3>\n<p>Teoretycznie powinna, jednak jak przyzna\u0142 Piotr Wieczorek, UOKiK nie mo\u017ce marsza\u0142kowi nic nakaza\u0107 ani do niczego zmusi\u0107.<\/p>\n<p>(nd)<\/p>\n<h2>Wi\u0119cej w najbli\u017cszym wydaniu Gazety Miejskiej.<\/h2>\n","protected":false},"excerpt":{"rendered":"<p>PRZETARG NA BUDOW\u0118 NA PRZE\u0141OMIE LIPCA I SIERPNIA<\/p>\n","protected":false},"author":1,"featured_media":70664,"comment_status":"open","ping_status":"closed","sticky":false,"template":"","format":"standard","meta":{"footnotes":"","_links_to":"","_links_to_target":""},"categories":[3,9],"tags":[],"class_list":{"0":"post-19626","1":"post","2":"type-post","3":"status-publish","4":"format-standard","5":"has-post-thumbnail","7":"category-gliwice","8":"category-aktualnosci_lokalne"},"_links":{"self":[{"href":"https:\/\/24gliwice.pl\/test\/wp-json\/wp\/v2\/posts\/19626","targetHints":{"allow":["GET"]}}],"collection":[{"href":"https:\/\/24gliwice.pl\/test\/wp-json\/wp\/v2\/posts"}],"about":[{"href":"https:\/\/24gliwice.pl\/test\/wp-json\/wp\/v2\/types\/post"}],"author":[{"embeddable":true,"href":"https:\/\/24gliwice.pl\/test\/wp-json\/wp\/v2\/users\/1"}],"replies":[{"embeddable":true,"href":"https:\/\/24gliwice.pl\/test\/wp-json\/wp\/v2\/comments?post=19626"}],"version-history":[{"count":19,"href":"https:\/\/24gliwice.pl\/test\/wp-json\/wp\/v2\/posts\/19626\/revisions"}],"predecessor-version":[{"id":19746,"href":"https:\/\/24gliwice.pl\/test\/wp-json\/wp\/v2\/posts\/19626\/revisions\/19746"}],"wp:featuredmedia":[{"embeddable":true,"href":"https:\/\/24gliwice.pl\/test\/wp-json\/wp\/v2\/media\/70664"}],"wp:attachment":[{"href":"https:\/\/24gliwice.pl\/test\/wp-json\/wp\/v2\/media?parent=19626"}],"wp:term":[{"taxonomy":"category","embeddable":true,"href":"https:\/\/24gliwice.pl\/test\/wp-json\/wp\/v2\/categories?post=19626"},{"taxonomy":"post_tag","embeddable":true,"href":"https:\/\/24gliwice.pl\/test\/wp-json\/wp\/v2\/tags?post=19626"}],"curies":[{"name":"wp","href":"https:\/\/api.w.org\/{rel}","templated":true}]}}