{"id":19674,"date":"2010-06-24T14:27:48","date_gmt":"2010-06-24T12:27:48","guid":{"rendered":"http:\/\/www.24gliwice.pl\/wiadomosci\/?p=19674"},"modified":"2010-06-25T13:55:15","modified_gmt":"2010-06-25T11:55:15","slug":"marszalek-uruchomi-dotacje","status":"publish","type":"post","link":"https:\/\/24gliwice.pl\/test\/marszalek-uruchomi-dotacje\/","title":{"rendered":"Marsza\u0142ek uruchomi dotacj\u0119"},"content":{"rendered":"<h3><img loading=\"lazy\" loading=\"lazy\" decoding=\"async\" src=\"http:\/\/www.24gliwice.pl\/wiadomosci\/wp-content\/uploads\/2010\/06\/smigielski-300x184.jpg\" alt=\"\" title=\"smigielski\" width=\"300\" height=\"174\" class=\"alignleft size-medium wp-image-19685\" \/>Marsza\u0142ek Bogus\u0142aw \u015amigielski deklaruje uruchomienie unijnych dotacji dla Hali Podium.<\/h3>\n<p> Po otrzymaniu pisma od Urz\u0119du Ochrony Konsument\u00f3w i Konkurencji Urz\u0105d Marsza\u0142kowski Wojew\u00f3dztwa \u015al\u0105skiego zaj\u0105\u0142 stanowisko w tej sprawie. <!--more--><\/p>\n<p>Jak przyznaje Urz\u0105d Marsza\u0142kowski, Gliwice przedstawi\u0142y UOKiK dodatkowe wyja\u015bnienia i uwagi. <\/p>\n<h3>Wynika z nich, \u017ce jeden z wariant\u00f3w zak\u0142ada, i\u017c komunalna sp\u00f3\u0142ka powierzy prowadzenie dzia\u0142alno\u015bci gospodarczej na terenie hali Podium podmiotowi wybranemu w drodze otwartego post\u0119powania przetargowego. <\/h3>\n<p>&#8211; Jest to nowe stanowisko, zaprezentowane po raz pierwszy przez Wnioskodawc\u0119, na kt\u00f3re czekali\u015bmy od dw\u00f3ch lat &#8211; wyja\u015bnia Aleksandra Marzy\u0144ska, rzecznik prasowy Urz\u0119du Marsza\u0142kowskiego. &#8211; Taki system zarz\u0105dzania nie by\u0142 nam do tej pory przedstawiony i tym samym nie by\u0142 przedmiotem oceny formalnej. <\/p>\n<p>Je\u017celi te zmiany zosta\u0142yby wprowadzone na etapie oceny formalnej, zdaniem Marsza\u0142ka, pozwoli\u0142oby to na terminowe zako\u0144czenie procesu oceny i wyb\u00f3r projektu do dofinansowania. <\/p>\n<h1>Zmiana sposobu zarz\u0105dzania hal\u0105 oznacza, \u017ce ryzyko wyst\u0105pienia pomocy publicznej zosta\u0142o zminimalizowane. <\/h1>\n<p>Poniewa\u017c Urz\u0105d Marsza\u0142kowski do tej pory nie zosta\u0142 oficjalnie poinformowany o zmianie stanowiska, Marsza\u0142ek poprosi\u0142 prezydenta Gliwic o jego pilne potwierdzenie. <\/p>\n<p>&#8211; Gdy ju\u017c je dostaniemy, nic nie stanie na przeszkodzie, by wznowi\u0107 proces oceny, kt\u00f3rego zako\u0144czeniem b\u0119dzie uruchomienie dotacji &#8211; podsumowuje Marzy\u0144ska. <\/p>\n<p>(nd)<\/p>\n","protected":false},"excerpt":{"rendered":"<p>KONIEC PROBLEM\u00d3W. B\u0118D\u0104 UNIJNE PIENI\u0104DZE NA BUDOW\u0118 PODIUM.<\/p>\n","protected":false},"author":1,"featured_media":70661,"comment_status":"open","ping_status":"closed","sticky":false,"template":"","format":"standard","meta":{"footnotes":"","_links_to":"","_links_to_target":""},"categories":[3,8,9],"tags":[],"class_list":{"0":"post-19674","1":"post","2":"type-post","3":"status-publish","4":"format-standard","5":"has-post-thumbnail","7":"category-gliwice","8":"category-referendum","9":"category-aktualnosci_lokalne"},"_links":{"self":[{"href":"https:\/\/24gliwice.pl\/test\/wp-json\/wp\/v2\/posts\/19674","targetHints":{"allow":["GET"]}}],"collection":[{"href":"https:\/\/24gliwice.pl\/test\/wp-json\/wp\/v2\/posts"}],"about":[{"href":"https:\/\/24gliwice.pl\/test\/wp-json\/wp\/v2\/types\/post"}],"author":[{"embeddable":true,"href":"https:\/\/24gliwice.pl\/test\/wp-json\/wp\/v2\/users\/1"}],"replies":[{"embeddable":true,"href":"https:\/\/24gliwice.pl\/test\/wp-json\/wp\/v2\/comments?post=19674"}],"version-history":[{"count":15,"href":"https:\/\/24gliwice.pl\/test\/wp-json\/wp\/v2\/posts\/19674\/revisions"}],"predecessor-version":[{"id":19747,"href":"https:\/\/24gliwice.pl\/test\/wp-json\/wp\/v2\/posts\/19674\/revisions\/19747"}],"wp:featuredmedia":[{"embeddable":true,"href":"https:\/\/24gliwice.pl\/test\/wp-json\/wp\/v2\/media\/70661"}],"wp:attachment":[{"href":"https:\/\/24gliwice.pl\/test\/wp-json\/wp\/v2\/media?parent=19674"}],"wp:term":[{"taxonomy":"category","embeddable":true,"href":"https:\/\/24gliwice.pl\/test\/wp-json\/wp\/v2\/categories?post=19674"},{"taxonomy":"post_tag","embeddable":true,"href":"https:\/\/24gliwice.pl\/test\/wp-json\/wp\/v2\/tags?post=19674"}],"curies":[{"name":"wp","href":"https:\/\/api.w.org\/{rel}","templated":true}]}}