{"id":19690,"date":"2010-06-24T14:50:51","date_gmt":"2010-06-24T12:50:51","guid":{"rendered":"http:\/\/www.24gliwice.pl\/wiadomosci\/?p=19690"},"modified":"2010-06-25T17:39:14","modified_gmt":"2010-06-25T15:39:14","slug":"gliwice-zostana-na-lodzie","status":"publish","type":"post","link":"https:\/\/24gliwice.pl\/test\/gliwice-zostana-na-lodzie\/","title":{"rendered":"Gliwice zostan\u0105 na &#8220;lodzie&#8221;? Zap\u0142acimy za autostrad\u0119"},"content":{"rendered":"<h3><img loading=\"lazy\" loading=\"lazy\" decoding=\"async\" src=\"http:\/\/www.24gliwice.pl\/wiadomosci\/wp-content\/uploads\/2010\/06\/82e2_autostrada-100x100.jpg\" alt=\"\" title=\"\" width=\"100\" height=\"96\" class=\"alignleft size-thumbnail wp-image-19692\" \/>Czy faktycznie potwierdzi si\u0119 ?czarny scenariusz?, zgodnie z kt\u00f3rym kierowcy b\u0119d\u0105 musieli p\u0142aci\u0107 za przejazd autostrad\u0105 w ramach aglomeracji?<\/h3>\n<p>Darmowe przejazdy mia\u0142y dotyczy\u0107 odcink\u00f3w autostrad A1 i A4, kt\u00f3re spe\u0142niaj\u0105 praktycznie rol\u0119 miejskich obwodnic. <!--more--><\/p>\n<p>W Ministerstwie Infrastruktury, kt\u00f3re od lat obiecywa\u0142o darmowe przejazdy, teraz zmieniono zdanie. Dlaczego?<\/p>\n<h3>Jak wyja\u015bnia rzecznik resortu, zgodnie z polskim prawem wszystkie autostrady s\u0105 p\u0142atne i od tej regu\u0142y nie mo\u017ce by\u0107 \u017cadnych wyj\u0105tk\u00f3w.<\/h3>\n<p>Informacj\u0119 t\u0119 potwierdzi\u0142 w Sejmie minister <strong>Cezary Grabarczyk<\/strong>.<br \/>\n&#8211; Do 2012 roku wszystkie du\u017ce miasta, przy kt\u00f3rych b\u0119d\u0105 ulokowane autostrady, za wyj\u0105tkiem Cz\u0119stochowy, b\u0119d\u0105 mia\u0142y autostradowe obwodnice. W zwi\u0105zku z tym, musimy podj\u0105\u0107 rozstrzygni\u0119cie, czy te odcinki autostrad zwolnimy z op\u0142at, gdy\u017c obwodnice s\u0105 ich fragmentami ? t\u0142umaczy\u0142.<\/p>\n<p><img loading=\"lazy\" loading=\"lazy\" decoding=\"async\" src=\"http:\/\/www.24gliwice.pl\/wiadomosci\/wp-content\/uploads\/2010\/06\/8014_autostrada.jpg\" alt=\"\" title=\"autostrada\" width=\"300\" height=\"225\" class=\"aligncenter size-full wp-image-2406\" \/><\/p>\n<p>Autostrady, kt\u00f3re b\u0119d\u0105 r\u00f3wnocze\u015bnie obwodnicami miast, maj\u0105 powsta\u0107 m.in. w Rzeszowie, Tarnowie, Krakowie, aglomeracji \u015bl\u0105skiej, Wroc\u0142awiu i \u0141odzi.<\/p>\n<p>Takie t\u0142umaczenie nie podoba si\u0119 samorz\u0105dowcom. Protest w tej sprawie ju\u017c zapowiedzia\u0142 G\u00f3rno\u015bl\u0105ski Zwi\u0105zek Metropolitalny.<\/p>\n<h3>Ministerstwo zapowiada, \u017ce rozwa\u017cana jest mo\u017cliwo\u015b\u0107, aby do przejazd\u00f3w samochod\u00f3w osobowych dop\u0142aca\u0142y samorz\u0105dy.<\/h3>\n<p>Zastrzega jednocze\u015bnie, \u017ce to tylko propozycja, na razie bez \u017cadnych szczeg\u00f3\u0142owych rozwi\u0105za\u0144.<\/p>\n<p>&#8211; Przyj\u0119li\u015bmy za\u0142o\u017cenie, \u017ce du\u017ce miasta mog\u0105 ponie\u015b\u0107 cz\u0119\u015b\u0107 koszt\u00f3w zwi\u0105zanych z wprowadzeniem tzw. zerowej stawki dla swoich mieszka\u0144c\u00f3w. Miasta mog\u0105 podejmowa\u0107 uchwa\u0142y, w kt\u00f3rych przeznacz\u0105 \u015brodki bud\u017cetu miasta na wykupienie 50 proc. ulgi. W takiej sytuacji Krajowy Fundusz Drogowy dok\u0142ada\u0142by kolejne 50 proc. ulgi, tak by mieszka\u0144cy aglomeracji, kt\u00f3rzy b\u0119d\u0105 korzysta\u0107 z autostradowych obwodnic swoich miast, byli zwolnieni z odp\u0142atno\u015bci &#8211; wyja\u015bni\u0142 minister.<\/p>\n<p>Jednak trudno przypuszcza\u0107 by zaakceptowa\u0142y j\u0105 w\u0142adze samorz\u0105dowe, kt\u00f3re ju\u017c teraz wspieraj\u0105 policj\u0119 czy edukacj\u0119.<\/p>\n<h3>Chyba w najgorszej sytuacji s\u0105 Gliwice, gdzie A4 mia\u0142a pe\u0142ni\u0107 dla miasta rol\u0119 po\u0142udniowej obwodnicy.<\/h3>\n<p>Generalna Dyrekcja Dr\u00f3g Krajowych i Autostrad ca\u0142y czas powtarza\u0142a, \u017ce na 15 kilometrowym odcinku autostrady do zjazdu w Kleszczowie, w ruchu lokalnym obowi\u0105zywa\u0107 b\u0119d\u0105 bilety zerowe.<\/p>\n<p>Ministerstwo zapowiada, \u017ce prowadzi te\u017c analizy, czy mo\u017cliwe jest odroczenie terminu wprowadzenia odp\u0142atno\u015bci na tych odcinkach autostradowych na kilka lat.<br \/>\nMaj\u0105 by\u0107 one gotowe w ci\u0105gu kilku dni.<br \/>\n(nd)<\/p>\n","protected":false},"excerpt":{"rendered":"<p>MINISTERSTWO WYCOFUJE SI\u0118 Z BILET\u00d3W ZEROWYCH. <\/p>\n","protected":false},"author":1,"featured_media":70660,"comment_status":"open","ping_status":"closed","sticky":false,"template":"","format":"standard","meta":{"footnotes":"","_links_to":"","_links_to_target":""},"categories":[1],"tags":[],"class_list":{"0":"post-19690","1":"post","2":"type-post","3":"status-publish","4":"format-standard","5":"has-post-thumbnail","7":"category-pozostale"},"_links":{"self":[{"href":"https:\/\/24gliwice.pl\/test\/wp-json\/wp\/v2\/posts\/19690","targetHints":{"allow":["GET"]}}],"collection":[{"href":"https:\/\/24gliwice.pl\/test\/wp-json\/wp\/v2\/posts"}],"about":[{"href":"https:\/\/24gliwice.pl\/test\/wp-json\/wp\/v2\/types\/post"}],"author":[{"embeddable":true,"href":"https:\/\/24gliwice.pl\/test\/wp-json\/wp\/v2\/users\/1"}],"replies":[{"embeddable":true,"href":"https:\/\/24gliwice.pl\/test\/wp-json\/wp\/v2\/comments?post=19690"}],"version-history":[{"count":12,"href":"https:\/\/24gliwice.pl\/test\/wp-json\/wp\/v2\/posts\/19690\/revisions"}],"predecessor-version":[{"id":19771,"href":"https:\/\/24gliwice.pl\/test\/wp-json\/wp\/v2\/posts\/19690\/revisions\/19771"}],"wp:featuredmedia":[{"embeddable":true,"href":"https:\/\/24gliwice.pl\/test\/wp-json\/wp\/v2\/media\/70660"}],"wp:attachment":[{"href":"https:\/\/24gliwice.pl\/test\/wp-json\/wp\/v2\/media?parent=19690"}],"wp:term":[{"taxonomy":"category","embeddable":true,"href":"https:\/\/24gliwice.pl\/test\/wp-json\/wp\/v2\/categories?post=19690"},{"taxonomy":"post_tag","embeddable":true,"href":"https:\/\/24gliwice.pl\/test\/wp-json\/wp\/v2\/tags?post=19690"}],"curies":[{"name":"wp","href":"https:\/\/api.w.org\/{rel}","templated":true}]}}