{"id":19699,"date":"2010-06-24T15:18:06","date_gmt":"2010-06-24T13:18:06","guid":{"rendered":"http:\/\/www.24gliwice.pl\/wiadomosci\/?p=19699"},"modified":"2011-01-23T11:07:34","modified_gmt":"2011-01-23T10:07:34","slug":"powrot-faunow-tylko-dlaczego-sa-zielone","status":"publish","type":"post","link":"https:\/\/24gliwice.pl\/test\/powrot-faunow-tylko-dlaczego-sa-zielone\/","title":{"rendered":"Powr\u00f3t faun\u00f3w. Tylko dlaczego s\u0105 zielone?"},"content":{"rendered":"<h3><img loading=\"lazy\" loading=\"lazy\" decoding=\"async\" src=\"http:\/\/www.24gliwice.pl\/wiadomosci\/wp-content\/uploads\/2010\/06\/fauny-2-strona2-300x190.jpg\" alt=\"\" title=\"fauny-2-strona2\" width=\"300\" height=\"190\" class=\"alignleft size-medium wp-image-19709\" srcset=\"https:\/\/24gliwice.pl\/test\/wp-content\/uploads\/2010\/06\/fauny-2-strona2-300x190.jpg 300w, https:\/\/24gliwice.pl\/test\/wp-content\/uploads\/2010\/06\/fauny-2-strona2.jpg 516w\" sizes=\"auto, (max-width: 300px) 100vw, 300px\" \/>Gliwiczanie mog\u0105 ju\u017c cieszy\u0107 oko ?Ta\u0144cz\u0105cymi Faunami?.<\/h3>\n<p> Rze\u017aba, kt\u00f3r\u0105 we wrze\u015bniu ubieg\u0142ego roku pr\u00f3bowano ukra\u015b\u0107 sprzed Urz\u0119du Miasta, zgodnie z zapowiedzi\u0105, wr\u00f3ci\u0142a na swoje miejsce. Renowacja popularnych ?Diabe\u0142k\u00f3w? trwa\u0142a kilka miesi\u0119cy.<!--more--> <\/p>\n<p>Na szcz\u0119\u015bcie, z\u0142odziej nie by\u0142 fachowcem i jedynie uszkodzi\u0142 rze\u017ab\u0119. Jej naprawy podj\u0105\u0142 si\u0119 GZUT. Istnia\u0142a obawa, \u017ce rze\u017aba nie oprze si\u0119 up\u0142ywowi czasu i pod wp\u0142ywem warunk\u00f3w atmosferycznych dojdzie do jej zniszczenia. <\/p>\n<p><img loading=\"lazy\" loading=\"lazy\" decoding=\"async\" src=\"http:\/\/www.24gliwice.pl\/wiadomosci\/wp-content\/uploads\/2010\/06\/fauny-1-strona.jpg\" alt=\"\" title=\"fauny-1-strona\" width=\"500\" height=\"375\" class=\"aligncenter size-full wp-image-19703\" srcset=\"https:\/\/24gliwice.pl\/test\/wp-content\/uploads\/2010\/06\/fauny-1-strona.jpg 520w, https:\/\/24gliwice.pl\/test\/wp-content\/uploads\/2010\/06\/fauny-1-strona-300x224.jpg 300w\" sizes=\"auto, (max-width: 500px) 100vw, 500px\" \/><\/p>\n<h3> Dlatego w pierwszej wersji przed magistratem mia\u0142y stan\u0105\u0107 skopiowane Fauny.<br \/>\nOstatecznie jednak zdecydowano, \u017ce fontanna b\u0119dzie zdobi\u0107 skwer z orygina\u0142ami.<\/h3>\n<p>W GZU-cie, na wszelki wypadek, wykonano form\u0119 rze\u017aby, aby w przypadku pogorszenia jej stanu mo\u017cna by\u0142o zast\u0105pi\u0107 j\u0105 kopi\u0105.<\/p>\n<p>(nd)<\/p>\n","protected":false},"excerpt":{"rendered":"<p>RZE\u0179BA PONOWNIE ZDOBI SKWER PRZED MAGISTRATEM.<\/p>\n","protected":false},"author":1,"featured_media":70659,"comment_status":"closed","ping_status":"closed","sticky":false,"template":"","format":"standard","meta":{"footnotes":"","_links_to":"","_links_to_target":""},"categories":[3,9],"tags":[],"class_list":{"0":"post-19699","1":"post","2":"type-post","3":"status-publish","4":"format-standard","5":"has-post-thumbnail","7":"category-gliwice","8":"category-aktualnosci_lokalne"},"_links":{"self":[{"href":"https:\/\/24gliwice.pl\/test\/wp-json\/wp\/v2\/posts\/19699","targetHints":{"allow":["GET"]}}],"collection":[{"href":"https:\/\/24gliwice.pl\/test\/wp-json\/wp\/v2\/posts"}],"about":[{"href":"https:\/\/24gliwice.pl\/test\/wp-json\/wp\/v2\/types\/post"}],"author":[{"embeddable":true,"href":"https:\/\/24gliwice.pl\/test\/wp-json\/wp\/v2\/users\/1"}],"replies":[{"embeddable":true,"href":"https:\/\/24gliwice.pl\/test\/wp-json\/wp\/v2\/comments?post=19699"}],"version-history":[{"count":9,"href":"https:\/\/24gliwice.pl\/test\/wp-json\/wp\/v2\/posts\/19699\/revisions"}],"predecessor-version":[{"id":28319,"href":"https:\/\/24gliwice.pl\/test\/wp-json\/wp\/v2\/posts\/19699\/revisions\/28319"}],"wp:featuredmedia":[{"embeddable":true,"href":"https:\/\/24gliwice.pl\/test\/wp-json\/wp\/v2\/media\/70659"}],"wp:attachment":[{"href":"https:\/\/24gliwice.pl\/test\/wp-json\/wp\/v2\/media?parent=19699"}],"wp:term":[{"taxonomy":"category","embeddable":true,"href":"https:\/\/24gliwice.pl\/test\/wp-json\/wp\/v2\/categories?post=19699"},{"taxonomy":"post_tag","embeddable":true,"href":"https:\/\/24gliwice.pl\/test\/wp-json\/wp\/v2\/tags?post=19699"}],"curies":[{"name":"wp","href":"https:\/\/api.w.org\/{rel}","templated":true}]}}