{"id":19736,"date":"2010-06-25T09:24:53","date_gmt":"2010-06-25T07:24:53","guid":{"rendered":"http:\/\/www.24gliwice.pl\/wiadomosci\/?p=19736"},"modified":"2010-06-25T09:37:29","modified_gmt":"2010-06-25T07:37:29","slug":"uwaga-kierowcy-objazdy-2","status":"publish","type":"post","link":"https:\/\/24gliwice.pl\/test\/uwaga-kierowcy-objazdy-2\/","title":{"rendered":"Uwaga kierowcy! Objazdy"},"content":{"rendered":"<h3><img loading=\"lazy\" loading=\"lazy\" decoding=\"async\" src=\"http:\/\/www.24gliwice.pl\/wiadomosci\/wp-content\/uploads\/2010\/06\/demontaz_torow-100x100.jpg\" alt=\"\" title=\"Demonta\u017c tor\u00f3w tramwajowych - TV 24 Gliwice\" width=\"100\" height=\"100\" class=\"alignleft size-thumbnail wp-image-19489\" \/>W zwi\u0105zku z pracami przy usuwaniu tor\u00f3w tramwajowych od 28 czerwca pojawi\u0105 si\u0119 utrudnienia na ul. Dolnych Wa\u0142\u00f3w i Zabrskiej.<\/h3>\n<p> Kierowcy musz\u0105 przygotowa\u0107 si\u0119 na to, \u017ce czekaj\u0105 ich objazdy <!--more--><\/p>\n<p>Ulica Dolnych Wa\u0142\u00f3w b\u0119dzie zamkni\u0119ta na odcinku od skrzy\u017cowania z ul. Zwyci\u0119stwa do ul. Wieczorka.<br \/>\nObjazdy wyznaczono ulicami: Zwyci\u0119stwa, Wyszy\u0144skiego, Pi\u0142sudskiego, Powsta\u0144c\u00f3w Warszawy do ul. Jasnog\u00f3rskiej. B\u0119d\u0105 one obowi\u0105zywa\u0107 od godziny 7.00.<\/p>\n<p>W tym samym czasie rozpocznie si\u0119 r\u00f3wnie\u017c demonta\u017c torowiska na wiadukcie przy ul. Zabrskiej. Ulic\u0105 nie b\u0119dzie mo\u017cna je\u017adzi\u0107 od skrzy\u017cowania z ul. B\u0142ogos\u0142awionego Czes\u0142awa do ul. Chorzowskiej.<br \/>\nW zwi\u0105zku z tym zostanie zmieniona organizacja ruchu drogowego, a autobus linii A4 b\u0119dzie tymczasowo je\u017adzi\u0142 inn\u0105  tras\u0105.<br \/>\n .<\/p>\n<h2> Wa\u017cne dla pasa\u017cer\u00f3w autobusu linii A4<\/h2>\n<p>KZK GOP informuje, \u017ce od 28 czerwca autobus linii A4 nie b\u0119dzie obs\u0142ugiwa\u0142 przystank\u00f3w ?Gliwice Zabrska? i ?Gliwice Jagiello\u0144ska?. Zmieni si\u0119 okresowo trasa i rozk\u0142ad jazdy.<\/p>\n<h3>Kurs od strony zajezdni przy ul. Chorzowskiej w kierunku W\u00f3jtowej Wsi i Gliwickiego Teatru Muzycznego <\/h3>\n<p>Po zatrzymaniu si\u0119 na przystanku przy ul. Chorzowskiej autobus pojedzie ulicami: D\u0105browskiego (PRZYSTANEK ?GLIWICE D\u0104BROWSKIEGO?), Traugutta oraz Piwn\u0105, a nast\u0119pnie dalej swoj\u0105 rozk\u0142adow\u0105 tras\u0105.<\/p>\n<h3>Kurs od strony Gliwickiego Teatru Muzycznego i W\u00f3jtowej Wsi w kierunku zajezdni przy ul. Chorzowskiej<\/h3>\n<p>Po obs\u0142udze przystanku ?Gliwice Plac Piast\u00f3w? autobus pojedzie  ulicami: Bohater\u00f3w Getta Warszawskiego, Mitr\u0119gi, Piwn\u0105 (PRZYSTANEK ?GLIWICE PIWNA?), Traugutta, D\u0105browskiego (PRZYSTANEK ?GLIWICE D\u0104BROWSKIEGO?), a nast\u0119pnie wjedzie w Chorzowsk\u0105 i b\u0119dzie si\u0119 porusza\u0142 niezmienion\u0105 tras\u0119.<\/p>\n","protected":false},"excerpt":{"rendered":"<p>REMONTY NA WIECZORKA I DOLNYCH WA\u0141\u00d3W ORAZ NA WIADUKCIE NA ZABRSKIEJ.<\/p>\n","protected":false},"author":1,"featured_media":70658,"comment_status":"open","ping_status":"closed","sticky":false,"template":"","format":"standard","meta":{"footnotes":"","_links_to":"","_links_to_target":""},"categories":[3,9],"tags":[],"class_list":{"0":"post-19736","1":"post","2":"type-post","3":"status-publish","4":"format-standard","5":"has-post-thumbnail","7":"category-gliwice","8":"category-aktualnosci_lokalne"},"_links":{"self":[{"href":"https:\/\/24gliwice.pl\/test\/wp-json\/wp\/v2\/posts\/19736","targetHints":{"allow":["GET"]}}],"collection":[{"href":"https:\/\/24gliwice.pl\/test\/wp-json\/wp\/v2\/posts"}],"about":[{"href":"https:\/\/24gliwice.pl\/test\/wp-json\/wp\/v2\/types\/post"}],"author":[{"embeddable":true,"href":"https:\/\/24gliwice.pl\/test\/wp-json\/wp\/v2\/users\/1"}],"replies":[{"embeddable":true,"href":"https:\/\/24gliwice.pl\/test\/wp-json\/wp\/v2\/comments?post=19736"}],"version-history":[{"count":9,"href":"https:\/\/24gliwice.pl\/test\/wp-json\/wp\/v2\/posts\/19736\/revisions"}],"predecessor-version":[{"id":19745,"href":"https:\/\/24gliwice.pl\/test\/wp-json\/wp\/v2\/posts\/19736\/revisions\/19745"}],"wp:featuredmedia":[{"embeddable":true,"href":"https:\/\/24gliwice.pl\/test\/wp-json\/wp\/v2\/media\/70658"}],"wp:attachment":[{"href":"https:\/\/24gliwice.pl\/test\/wp-json\/wp\/v2\/media?parent=19736"}],"wp:term":[{"taxonomy":"category","embeddable":true,"href":"https:\/\/24gliwice.pl\/test\/wp-json\/wp\/v2\/categories?post=19736"},{"taxonomy":"post_tag","embeddable":true,"href":"https:\/\/24gliwice.pl\/test\/wp-json\/wp\/v2\/tags?post=19736"}],"curies":[{"name":"wp","href":"https:\/\/api.w.org\/{rel}","templated":true}]}}