{"id":19813,"date":"2010-06-28T13:26:14","date_gmt":"2010-06-28T11:26:14","guid":{"rendered":"http:\/\/www.24gliwice.pl\/wiadomosci\/?p=19813"},"modified":"2010-06-28T13:26:14","modified_gmt":"2010-06-28T11:26:14","slug":"politechnika-bez-barier-nowe-mozliwosci-dla-niepelnosprawnych","status":"publish","type":"post","link":"https:\/\/24gliwice.pl\/test\/politechnika-bez-barier-nowe-mozliwosci-dla-niepelnosprawnych\/","title":{"rendered":"Politechnika bez barier. Nowe mo\u017cliwo\u015bci dla niepe\u0142nosprawnych"},"content":{"rendered":"<h3><img loading=\"lazy\" loading=\"lazy\" decoding=\"async\" src=\"http:\/\/www.24gliwice.pl\/wiadomosci\/wp-content\/uploads\/2010\/06\/polibuda_niepelnosprawni300.jpg\" alt=\"\" title=\"Politechnika bez barier\" width=\"300\" height=\"179\" class=\"alignleft size-medium wp-image-19812\" \/>Na gliwickiej uczelni kszta\u0142ci si\u0119 obecnie blisko 200 os\u00f3b niepe\u0142nosprawnych.<\/h3>\n<p> A\u017c 10 z 13 wydzia\u0142\u00f3w Politechniki jest przystosowanych do potrzeb os\u00f3b poruszaj\u0105cych si\u0119 na w\u00f3zkach. Najwi\u0119cej bo a\u017c 30 os\u00f3b niepe\u0142nosprawnych studiuje na wydziale organizacji i zarz\u0105dzania. <!--more--><\/p>\n<p>[flashvideo file=&#8221;http:\/\/www.24gliwice.tv\/filmy\/2010_06\/20100628_niepelnosprawni.flv&#8221; \/]<\/p>\n<p><strong>Realizacja: \u0141ukasz Fedorczyk, Nina Drzewiecka &#8211; Telewizja 24Gliwice<\/strong><\/p>\n","protected":false},"excerpt":{"rendered":"<p>DNI OTWARTE DLA OS\u00d3B Z R\u00d3\u017bNYMI DYSFUNKCJAMI.<\/p>\n","protected":false},"author":1,"featured_media":19812,"comment_status":"open","ping_status":"closed","sticky":false,"template":"","format":"standard","meta":{"footnotes":"","_links_to":"","_links_to_target":""},"categories":[3,4,9],"tags":[],"class_list":{"0":"post-19813","1":"post","2":"type-post","3":"status-publish","4":"format-standard","5":"has-post-thumbnail","7":"category-gliwice","8":"category-telewizja-gliwice","9":"category-aktualnosci_lokalne"},"_links":{"self":[{"href":"https:\/\/24gliwice.pl\/test\/wp-json\/wp\/v2\/posts\/19813","targetHints":{"allow":["GET"]}}],"collection":[{"href":"https:\/\/24gliwice.pl\/test\/wp-json\/wp\/v2\/posts"}],"about":[{"href":"https:\/\/24gliwice.pl\/test\/wp-json\/wp\/v2\/types\/post"}],"author":[{"embeddable":true,"href":"https:\/\/24gliwice.pl\/test\/wp-json\/wp\/v2\/users\/1"}],"replies":[{"embeddable":true,"href":"https:\/\/24gliwice.pl\/test\/wp-json\/wp\/v2\/comments?post=19813"}],"version-history":[{"count":3,"href":"https:\/\/24gliwice.pl\/test\/wp-json\/wp\/v2\/posts\/19813\/revisions"}],"predecessor-version":[{"id":19818,"href":"https:\/\/24gliwice.pl\/test\/wp-json\/wp\/v2\/posts\/19813\/revisions\/19818"}],"wp:featuredmedia":[{"embeddable":true,"href":"https:\/\/24gliwice.pl\/test\/wp-json\/wp\/v2\/media\/19812"}],"wp:attachment":[{"href":"https:\/\/24gliwice.pl\/test\/wp-json\/wp\/v2\/media?parent=19813"}],"wp:term":[{"taxonomy":"category","embeddable":true,"href":"https:\/\/24gliwice.pl\/test\/wp-json\/wp\/v2\/categories?post=19813"},{"taxonomy":"post_tag","embeddable":true,"href":"https:\/\/24gliwice.pl\/test\/wp-json\/wp\/v2\/tags?post=19813"}],"curies":[{"name":"wp","href":"https:\/\/api.w.org\/{rel}","templated":true}]}}