{"id":19834,"date":"2010-06-29T11:14:03","date_gmt":"2010-06-29T09:14:03","guid":{"rendered":"http:\/\/www.24gliwice.pl\/wiadomosci\/?p=19834"},"modified":"2010-06-29T16:43:02","modified_gmt":"2010-06-29T14:43:02","slug":"zapadl-prawomocny-wyrok-ws-zabojstwa-nastolatki-z-sosnicy","status":"publish","type":"post","link":"https:\/\/24gliwice.pl\/test\/zapadl-prawomocny-wyrok-ws-zabojstwa-nastolatki-z-sosnicy\/","title":{"rendered":"Zapad\u0142 prawomocny wyrok ws. zab\u00f3jstwa nastolatki z So\u015bnicy"},"content":{"rendered":"<h3><img loading=\"lazy\" loading=\"lazy\" decoding=\"async\" src=\"http:\/\/www.24gliwice.pl\/wiadomosci\/wp-content\/uploads\/2010\/01\/podejrzany_rafal_p1-100x100.jpg\" alt=\"\" title=\"podejrzany_rafal_p1\" width=\"100\" height=\"96\" class=\"alignleft size-thumbnail wp-image-14587\" \/>Obrona oskar\u017conego Rafa\u0142a P. wnioskowa\u0142a o z\u0142agodzenie kary.<\/h3>\n<p> S\u0105d Apelacyjny w Katowicach utrzyma\u0142 jednak w mocy kar\u0119 25 lat wi\u0119zienia, wymierzon\u0105 29-latkowi w lutym przez s\u0105d w Gliwicach. M\u0119\u017cczyzna w lutym 2008 roku zabi\u0142 17-letni\u0105 Iwon\u0119 z Gliwic.<!--more--><\/p>\n<p>Wyrok jest prawomocny, skazany mo\u017ce jedynie wnie\u015b\u0107 o kasacj\u0119 do S\u0105du Najwy\u017cszego.<\/p>\n<h3>W uzasadnieniu wyroku, kt\u00f3ry zapad\u0142 w lutym s\u0105d wskaza\u0142 m.in., \u017ce oskar\u017cony przyzna\u0142 si\u0119 do winy i przedstawi\u0142 okoliczno\u015bci zbrodni &#8211; to w\u0142a\u015bnie na jego wyja\u015bnieniach g\u0142\u00f3wnie opiera\u0142 si\u0119 materia\u0142 dowodowy. Rafa\u0142 P. przeprosi\u0142 te\u017c rodzin\u0119 zamordowanej.<\/h3>\n<p>W dniu zab\u00f3jstwa Rafa\u0142 P. mia\u0142 27 lat. By\u0142 znajomym swojej ofiary. Kilka dni przed znalezieniem zw\u0142ok, kt\u00f3re ukry\u0142 pod schodami pobliskiej przychodni, uciek\u0142 za granic\u0119. <\/p>\n<h1>Wydano za nim Europejski Nakaz Aresztowania.<\/h1>\n<p>Gliwiccy policjanci wytropili m\u0119\u017cczyzn\u0119 w Liverpoolu. Pod koniec grudnia 2008 r. poszukiwanego zatrzyma\u0142a brytyjska policja. Trafi\u0142 do Polski.<\/p>\n<p>(flu)<\/p>\n","protected":false},"excerpt":{"rendered":"<p>TYLKO KASACJA MO\u017bE SKR\u00d3CI\u0106 WYROK.<\/p>\n","protected":false},"author":1,"featured_media":70653,"comment_status":"open","ping_status":"closed","sticky":false,"template":"","format":"standard","meta":{"footnotes":"","_links_to":"","_links_to_target":""},"categories":[3,5,9],"tags":[],"class_list":{"0":"post-19834","1":"post","2":"type-post","3":"status-publish","4":"format-standard","5":"has-post-thumbnail","7":"category-gliwice","8":"category-kryminalki","9":"category-aktualnosci_lokalne"},"_links":{"self":[{"href":"https:\/\/24gliwice.pl\/test\/wp-json\/wp\/v2\/posts\/19834","targetHints":{"allow":["GET"]}}],"collection":[{"href":"https:\/\/24gliwice.pl\/test\/wp-json\/wp\/v2\/posts"}],"about":[{"href":"https:\/\/24gliwice.pl\/test\/wp-json\/wp\/v2\/types\/post"}],"author":[{"embeddable":true,"href":"https:\/\/24gliwice.pl\/test\/wp-json\/wp\/v2\/users\/1"}],"replies":[{"embeddable":true,"href":"https:\/\/24gliwice.pl\/test\/wp-json\/wp\/v2\/comments?post=19834"}],"version-history":[{"count":5,"href":"https:\/\/24gliwice.pl\/test\/wp-json\/wp\/v2\/posts\/19834\/revisions"}],"predecessor-version":[{"id":19876,"href":"https:\/\/24gliwice.pl\/test\/wp-json\/wp\/v2\/posts\/19834\/revisions\/19876"}],"wp:featuredmedia":[{"embeddable":true,"href":"https:\/\/24gliwice.pl\/test\/wp-json\/wp\/v2\/media\/70653"}],"wp:attachment":[{"href":"https:\/\/24gliwice.pl\/test\/wp-json\/wp\/v2\/media?parent=19834"}],"wp:term":[{"taxonomy":"category","embeddable":true,"href":"https:\/\/24gliwice.pl\/test\/wp-json\/wp\/v2\/categories?post=19834"},{"taxonomy":"post_tag","embeddable":true,"href":"https:\/\/24gliwice.pl\/test\/wp-json\/wp\/v2\/tags?post=19834"}],"curies":[{"name":"wp","href":"https:\/\/api.w.org\/{rel}","templated":true}]}}