{"id":19839,"date":"2010-06-29T11:29:13","date_gmt":"2010-06-29T09:29:13","guid":{"rendered":"http:\/\/www.24gliwice.pl\/wiadomosci\/?p=19839"},"modified":"2010-06-29T15:12:55","modified_gmt":"2010-06-29T13:12:55","slug":"15-lat-sakry-biskupiej-ks-gerarda-kusza","status":"publish","type":"post","link":"https:\/\/24gliwice.pl\/test\/15-lat-sakry-biskupiej-ks-gerarda-kusza\/","title":{"rendered":"25 lat Sakry Biskupiej ks. Gerarda Kusza"},"content":{"rendered":"<h3><img loading=\"lazy\" loading=\"lazy\" decoding=\"async\" src=\"http:\/\/www.24gliwice.pl\/wiadomosci\/wp-content\/uploads\/2010\/06\/kskusz.jpg\" alt=\"\" title=\"kskusz\" width=\"97\" height=\"96\" class=\"alignleft size-thumbnail wp-image-19838\" \/>Kochany przez dzieci i doros\u0142ych, uwielbiany przez media za swoje poczucie humoru i zawsze dobr\u0105 rad\u0119.<\/h3>\n<p> Ksi\u0105dz Gerard Kusz, biskup pomocniczy diecezji gliwickiej \u015bwi\u0119tuje 25 lat Sakry Biskupiej. Z tej okazji Dostojny Jubilat przewodniczy\u0142 b\u0119dzie Uroczystej Eucharystii. <!--more--><\/p>\n<p>W gliwickiej Katedrze o godz. 18.00 odb\u0119dzie si\u0119 msza z okazji \u015bwieta ks.Gerarda Kusza. W koncelebrze wezm\u0105 udzia\u0142 kap\u0142ani obchodz\u0105cy w tym roku 50 lecie kap\u0142a\u0144stwa.<\/p>\n<h1>Wszelkie uroczysto\u015bci z udzia\u0142em ksi\u0119dza biskupa Kusza nabieraj\u0105 zupe\u0142nie innego wymiaru.<\/h1>\n<p>Gdy prosz\u0105 Go na scen\u0119 zawsze m\u00f3wi: &#8220;Ja wiedzia\u0142em, \u017ce mnie poprosicie, a si\u0119 nie przygotowa\u0142em&#8221;, jednak zawsze m\u00f3wi dobrze i m\u0105drze, a przede wszystkim wprowadza wszystkich w dobry humor.<\/p>\n<p>(flu)<\/p>\n","protected":false},"excerpt":{"rendered":"<p>ZAWSZE U\u015aMIECHNI\u0118TY I Z DOBR\u0104 RAD\u0104.<\/p>\n","protected":false},"author":1,"featured_media":19838,"comment_status":"open","ping_status":"closed","sticky":false,"template":"","format":"standard","meta":{"footnotes":"","_links_to":"","_links_to_target":""},"categories":[3],"tags":[],"class_list":{"0":"post-19839","1":"post","2":"type-post","3":"status-publish","4":"format-standard","5":"has-post-thumbnail","7":"category-gliwice"},"_links":{"self":[{"href":"https:\/\/24gliwice.pl\/test\/wp-json\/wp\/v2\/posts\/19839","targetHints":{"allow":["GET"]}}],"collection":[{"href":"https:\/\/24gliwice.pl\/test\/wp-json\/wp\/v2\/posts"}],"about":[{"href":"https:\/\/24gliwice.pl\/test\/wp-json\/wp\/v2\/types\/post"}],"author":[{"embeddable":true,"href":"https:\/\/24gliwice.pl\/test\/wp-json\/wp\/v2\/users\/1"}],"replies":[{"embeddable":true,"href":"https:\/\/24gliwice.pl\/test\/wp-json\/wp\/v2\/comments?post=19839"}],"version-history":[{"count":3,"href":"https:\/\/24gliwice.pl\/test\/wp-json\/wp\/v2\/posts\/19839\/revisions"}],"predecessor-version":[{"id":19870,"href":"https:\/\/24gliwice.pl\/test\/wp-json\/wp\/v2\/posts\/19839\/revisions\/19870"}],"wp:featuredmedia":[{"embeddable":true,"href":"https:\/\/24gliwice.pl\/test\/wp-json\/wp\/v2\/media\/19838"}],"wp:attachment":[{"href":"https:\/\/24gliwice.pl\/test\/wp-json\/wp\/v2\/media?parent=19839"}],"wp:term":[{"taxonomy":"category","embeddable":true,"href":"https:\/\/24gliwice.pl\/test\/wp-json\/wp\/v2\/categories?post=19839"},{"taxonomy":"post_tag","embeddable":true,"href":"https:\/\/24gliwice.pl\/test\/wp-json\/wp\/v2\/tags?post=19839"}],"curies":[{"name":"wp","href":"https:\/\/api.w.org\/{rel}","templated":true}]}}