{"id":34462,"date":"2011-09-08T12:20:17","date_gmt":"2011-09-08T10:20:17","guid":{"rendered":"http:\/\/www.24gliwice.pl\/wiadomosci\/?p=34462"},"modified":"2011-09-08T12:24:36","modified_gmt":"2011-09-08T10:24:36","slug":"rodzinna-masakra-w-centrum-miasta-ofiary-w-zabrzanskim-lombardzie","status":"publish","type":"post","link":"https:\/\/24gliwice.pl\/test\/rodzinna-masakra-w-centrum-miasta-ofiary-w-zabrzanskim-lombardzie\/","title":{"rendered":"Rodzinna masakra w centrum miasta! Ofiary w zabrza\u0144skim lombardzie"},"content":{"rendered":"<h3><img loading=\"lazy\" loading=\"lazy\" decoding=\"async\" src=\"http:\/\/www.24gliwice.pl\/wiadomosci\/wp-content\/uploads\/2010\/05\/policja_kogut-300x225.jpg\" alt=\"\" title=\"\" width=\"300\" height=\"215\" class=\"alignright size-medium wp-image-19050\" \/>Dwie osoby zgin\u0119\u0142y od strza\u0142\u00f3w, kt\u00f3re pad\u0142y przy ulicy de Gaulla 52 w Zabrzu. Do tragedii dosz\u0142o w czwartek, w lombardzie usytuowanym w centrum miasta.<\/h3>\n<p>Tu\u017c po godzinie 10.00 rano, zabrza\u0144ska KMP otrzyma\u0142a zg\u0142oszenie o strzelaninie.<!--more--> Po dotarciu na miejsce zdarzenia, funkcjonariusze znale\u017ali jeden egzemplarz broni palnej oraz dwa cia\u0142a, nale\u017c\u0105ce do w\u0142a\u015bcicielki lombardu i jej by\u0142ego m\u0119\u017ca. <\/p>\n<p>Obecnie trwaj\u0105 czynno\u015bci wyja\u015bniaj\u0105ce. Policja bierze pod uwag\u0119 r\u00f3\u017cne wersje zdarzenia, w tym nieporozumienie na tle rodzinnym. Najbardziej prawdopodobna wydaje si\u0119 teza, jakoby zab\u00f3jc\u0105 mia\u0142a by\u0107 jedna z ofiar. <\/p>\n","protected":false},"excerpt":{"rendered":"<p>NAJPRAWDOPODOBNIEJ PRZYCZYN\u0104 TRAGEDII BY\u0141A RODZINNA SPRZECZKA<\/p>\n","protected":false},"author":9,"featured_media":70262,"comment_status":"open","ping_status":"closed","sticky":false,"template":"","format":"standard","meta":{"footnotes":"","_links_to":"","_links_to_target":""},"categories":[5,1],"tags":[862,861],"class_list":{"0":"post-34462","1":"post","2":"type-post","3":"status-publish","4":"format-standard","5":"has-post-thumbnail","7":"category-kryminalki","8":"category-pozostale","9":"tag-strzelanina-w-zabrzu","10":"tag-zabojstwo-zabrze"},"_links":{"self":[{"href":"https:\/\/24gliwice.pl\/test\/wp-json\/wp\/v2\/posts\/34462","targetHints":{"allow":["GET"]}}],"collection":[{"href":"https:\/\/24gliwice.pl\/test\/wp-json\/wp\/v2\/posts"}],"about":[{"href":"https:\/\/24gliwice.pl\/test\/wp-json\/wp\/v2\/types\/post"}],"author":[{"embeddable":true,"href":"https:\/\/24gliwice.pl\/test\/wp-json\/wp\/v2\/users\/9"}],"replies":[{"embeddable":true,"href":"https:\/\/24gliwice.pl\/test\/wp-json\/wp\/v2\/comments?post=34462"}],"version-history":[{"count":9,"href":"https:\/\/24gliwice.pl\/test\/wp-json\/wp\/v2\/posts\/34462\/revisions"}],"predecessor-version":[{"id":34479,"href":"https:\/\/24gliwice.pl\/test\/wp-json\/wp\/v2\/posts\/34462\/revisions\/34479"}],"wp:featuredmedia":[{"embeddable":true,"href":"https:\/\/24gliwice.pl\/test\/wp-json\/wp\/v2\/media\/70262"}],"wp:attachment":[{"href":"https:\/\/24gliwice.pl\/test\/wp-json\/wp\/v2\/media?parent=34462"}],"wp:term":[{"taxonomy":"category","embeddable":true,"href":"https:\/\/24gliwice.pl\/test\/wp-json\/wp\/v2\/categories?post=34462"},{"taxonomy":"post_tag","embeddable":true,"href":"https:\/\/24gliwice.pl\/test\/wp-json\/wp\/v2\/tags?post=34462"}],"curies":[{"name":"wp","href":"https:\/\/api.w.org\/{rel}","templated":true}]}}