{"id":36646,"date":"2011-11-21T13:58:23","date_gmt":"2011-11-21T12:58:23","guid":{"rendered":"http:\/\/www.24gliwice.pl\/wiadomosci\/?p=36646"},"modified":"2013-12-28T00:31:36","modified_gmt":"2013-12-27T23:31:36","slug":"kamil-bednarek-mam-nadzieje-ze-za-30-lat-dalej-bede-grac-na-scenie-tv","status":"publish","type":"post","link":"https:\/\/24gliwice.pl\/test\/kamil-bednarek-mam-nadzieje-ze-za-30-lat-dalej-bede-grac-na-scenie-tv\/","title":{"rendered":"Kamil Bednarek: &#8220;Mam nadziej\u0119, \u017ce za 30 lat dalej b\u0119d\u0119 gra\u0107 na scenie&#8221; (TV)"},"content":{"rendered":"<p><img loading=\"lazy\" loading=\"lazy\" decoding=\"async\" src=\"http:\/\/www.24gliwice.pl\/wiadomosci\/wp-content\/uploads\/2011\/11\/bednarek.jpg\" alt=\"\" title=\"\" width=\"510\" height=\"281\" class=\"aligncenter size-full wp-image-36645\" \/>&#8211; Czasami fajnie jest by\u0107 nieznanym. To co\u015b, za czym chwilami t\u0119skni\u0119. Z drugiej strony, gdyby nie to, nie spe\u0142ni\u0142bym tylu marze\u0144 i nie rozwija\u0142bym si\u0119 tak szybko &#8211; m\u00f3wi <strong>Kamil Bednarek<\/strong> w rozmowie z 24GLIWICE.pl<!--more--><\/p>\n<blockquote><p>Kamil Bednarek &#8211; wokalista za\u0142o\u017conej w 2008 grupy Star Guard Muffin. Ogromn\u0105 popularno\u015b\u0107 zapewni\u0142 mu udzia\u0142 w III edycji programu &#8220;Mam Talent&#8221;, gdzie zaj\u0105\u0142 II miejsce. Kamil Bednarek wraz z zespo\u0142em, w ostatni pi\u0105tek koncertowa\u0142 w zabrza\u0144skim klubie Wiatrak.<\/p><\/blockquote>\n<p>[flashvideo file=&#8221;http:\/\/24gliwice.pl\/tv\/20111121_bednarek.flv&#8221; \/]<br \/>\nRozmawia\u0142: Pawe\u0142 Szypu\u0142a, zdj\u0119cia, monta\u017c: \u0141ukasz Gawin<br \/>\n&#8212;&#8212;&#8212;&#8212;&#8212;&#8212;&#8212;&#8212;&#8212;&#8212;&#8212;&#8212;&#8212;&#8212;&#8212;&#8212;&#8212;&#8212;&#8212;&#8212;&#8212;&#8212;<\/p>\n","protected":false},"excerpt":{"rendered":"<p>Z KAMILEM BEDNARKIEM ROZMAWIA PAWE\u0141 SZYPU\u0141A<\/p>\n","protected":false},"author":4,"featured_media":36645,"comment_status":"open","ping_status":"closed","sticky":false,"template":"","format":"standard","meta":{"footnotes":"","_links_to":"","_links_to_target":""},"categories":[1,4,12],"tags":[1156,1157],"class_list":{"0":"post-36646","1":"post","2":"type-post","3":"status-publish","4":"format-standard","5":"has-post-thumbnail","7":"category-pozostale","8":"category-telewizja-gliwice","9":"category-wywiady","10":"tag-kamil-bednarek","11":"tag-star-guard-muffin"},"_links":{"self":[{"href":"https:\/\/24gliwice.pl\/test\/wp-json\/wp\/v2\/posts\/36646","targetHints":{"allow":["GET"]}}],"collection":[{"href":"https:\/\/24gliwice.pl\/test\/wp-json\/wp\/v2\/posts"}],"about":[{"href":"https:\/\/24gliwice.pl\/test\/wp-json\/wp\/v2\/types\/post"}],"author":[{"embeddable":true,"href":"https:\/\/24gliwice.pl\/test\/wp-json\/wp\/v2\/users\/4"}],"replies":[{"embeddable":true,"href":"https:\/\/24gliwice.pl\/test\/wp-json\/wp\/v2\/comments?post=36646"}],"version-history":[{"count":7,"href":"https:\/\/24gliwice.pl\/test\/wp-json\/wp\/v2\/posts\/36646\/revisions"}],"predecessor-version":[{"id":57232,"href":"https:\/\/24gliwice.pl\/test\/wp-json\/wp\/v2\/posts\/36646\/revisions\/57232"}],"wp:featuredmedia":[{"embeddable":true,"href":"https:\/\/24gliwice.pl\/test\/wp-json\/wp\/v2\/media\/36645"}],"wp:attachment":[{"href":"https:\/\/24gliwice.pl\/test\/wp-json\/wp\/v2\/media?parent=36646"}],"wp:term":[{"taxonomy":"category","embeddable":true,"href":"https:\/\/24gliwice.pl\/test\/wp-json\/wp\/v2\/categories?post=36646"},{"taxonomy":"post_tag","embeddable":true,"href":"https:\/\/24gliwice.pl\/test\/wp-json\/wp\/v2\/tags?post=36646"}],"curies":[{"name":"wp","href":"https:\/\/api.w.org\/{rel}","templated":true}]}}