{"id":36947,"date":"2011-11-10T21:49:49","date_gmt":"2011-11-10T20:49:49","guid":{"rendered":"http:\/\/www.24gliwice.pl\/wiadomosci\/?p=36947"},"modified":"2011-11-29T21:50:26","modified_gmt":"2011-11-29T20:50:26","slug":"xvi-igrzyska-placowek-integracyjnych-haslo-przewodnie-pilka-nozna-euro-2012","status":"publish","type":"post","link":"https:\/\/24gliwice.pl\/test\/xvi-igrzyska-placowek-integracyjnych-haslo-przewodnie-pilka-nozna-euro-2012\/","title":{"rendered":"XVI Igrzyska Plac\u00f3wek Integracyjnych. Has\u0142o przewodnie: &#8220;Pi\u0142ka no\u017cna &#8211; Euro 2012&#8221;"},"content":{"rendered":"<h3><img loading=\"lazy\" loading=\"lazy\" decoding=\"async\" src=\"http:\/\/www.24gliwice.pl\/wiadomosci\/wp-content\/uploads\/2011\/11\/dzieci-placowki-sala.jpg\" alt=\"\" title=\"\" width=\"500\" height=\"286\" class=\"aligncenter size-full wp-image-36948\" srcset=\"https:\/\/24gliwice.pl\/test\/wp-content\/uploads\/2011\/11\/dzieci-placowki-sala.jpg 510w, https:\/\/24gliwice.pl\/test\/wp-content\/uploads\/2011\/11\/dzieci-placowki-sala-300x171.jpg 300w\" sizes=\"auto, (max-width: 500px) 100vw, 500px\" \/>27 pa\u017adziernika w Szkole Podstawowej z Oddzia\u0142ami Integracyjnymi nr 1 w Gliwicach  odby\u0142y si\u0119 &#8220;XVI Igrzyska Plac\u00f3wek Integracyjnych?.<\/h3>\n<p><!--more--><\/p>\n<p>W tym roku has\u0142em przewodnim igrzysk by\u0142a: &#8220;Pi\u0142ka no\u017cna &#8211; Euro 2012&#8221;. W imprezie wzi\u0119\u0142o udzia\u0142 prawie 300 dzieci z gliwickich przedszkoli i szk\u00f3\u0142      z oddzia\u0142ami integracyjnymi (PM 21, PM 31, PM 40, SP 3, SP 10, SP 21, SP 1).\u00a0Zgodnie z tradycj\u0105 uczestnicy imprezy\u00a0pokonywali tory przeszk\u00f3d.            <\/p>\n<p>Dla ma\u0142ych sportowc\u00f3w organizatorzy przygotowali s\u0142odki pocz\u0119stunek        oraz nagrody w postaci sprz\u0119tu sportowego.<br \/>\nW czasie programu artystycznego wyst\u0105pi\u0142y cheerleader&#8217;ki z SP nr 1 pod kierunkiem p. <strong>Agnieszki Jagosz i p. Romy S\u0142abo\u0144<\/strong> oraz pi\u0142karze z klubu &#8220;Piast Gliwice&#8221;.\u00a0Reprezentanci klubu\u00a0odpowiadali na pytania dzieci i zaprezentowali swoje umiej\u0119tno\u015bci pi\u0142karskie. <\/p>\n<p>Go\u015bciem &#8220;XVI Igrzysk Plac\u00f3wek Integracyjnych&#8221;\u00a0 by\u0142a m.in. Pani <strong>Renata Caban<\/strong> (z-ca Prezydenta Miasta Gliwice), kt\u00f3ra w imieniu Prezydenta Gliwic obj\u0119\u0142a imprez\u0119 honorowym patronatem. <\/p>\n<p><img loading=\"lazy\" loading=\"lazy\" decoding=\"async\" src=\"http:\/\/www.24gliwice.pl\/wiadomosci\/wp-content\/uploads\/2011\/11\/dzieci-placowki-integracyjne.jpg\" alt=\"\" title=\"\" width=\"500\" height=\"278\" class=\"aligncenter size-full wp-image-36949\" srcset=\"https:\/\/24gliwice.pl\/test\/wp-content\/uploads\/2011\/11\/dzieci-placowki-integracyjne.jpg 510w, https:\/\/24gliwice.pl\/test\/wp-content\/uploads\/2011\/11\/dzieci-placowki-integracyjne-300x167.jpg 300w\" sizes=\"auto, (max-width: 500px) 100vw, 500px\" \/><\/p>\n<blockquote><p>Igrzyska nie mog\u0142yby odby\u0107 si\u0119 bez pomocy os\u00f3b, instytucji, kt\u00f3re od lat wspieraj\u0105 nasz\u0105 imprez\u0119 rzeczowo lub finansowo.\u00a0Bardzo dzi\u0119kujemy Prezydentowi Miasta Gliwice, Radzie Rodzic\u00f3w SP nr 1, Cukierni &#8220;\u0141odzianka&#8221;, Piekarni Szyma\u0144scy, Pa\u0144stwu Boduch, Pa\u0144stwu Dziewa, Pa\u0144stwu Kalus oraz nauczycielom SP nr 1. <\/p><\/blockquote>\n<p>Organizatorzy: Joanna Bartoszek i Monika Smerkowska<br \/>\nHarmonogram Igrzysk<\/p>\n<p>1. Rozpocz\u0119cie godz. 9:00.<br \/>\n2. Uroczyste otwarcie ?Igrzysk 2011? pod has\u0142em ?Pi\u0142ka no\u017cna &#8211; EURO 2012?.<br \/>\n3. Parada plac\u00f3wek integracyjnych.<br \/>\n4. Program artystyczny.<br \/>\n5. Pokonywanie tor\u00f3w przeszk\u00f3d.<br \/>\n6. Przerwa i pocz\u0119stunek.<br \/>\n7. Spotkanie z pi\u0142karzami, pokaz umiej\u0119tno\u015bci pi\u0142karskich.<br \/>\n8. Zako\u0144czenie i rozdanie nagr\u00f3d ok. godz. 11.30.<\/p>\n","protected":false},"excerpt":{"rendered":"<p>W IMPREZIE UCZESTNICZY\u0141O PRAWIE 300 DZIECI<\/p>\n","protected":false},"author":4,"featured_media":36948,"comment_status":"open","ping_status":"closed","sticky":false,"template":"","format":"standard","meta":{"footnotes":"","_links_to":"","_links_to_target":""},"categories":[],"tags":[],"class_list":["post-36947","post","type-post","status-publish","format-standard","has-post-thumbnail"],"_links":{"self":[{"href":"https:\/\/24gliwice.pl\/test\/wp-json\/wp\/v2\/posts\/36947","targetHints":{"allow":["GET"]}}],"collection":[{"href":"https:\/\/24gliwice.pl\/test\/wp-json\/wp\/v2\/posts"}],"about":[{"href":"https:\/\/24gliwice.pl\/test\/wp-json\/wp\/v2\/types\/post"}],"author":[{"embeddable":true,"href":"https:\/\/24gliwice.pl\/test\/wp-json\/wp\/v2\/users\/4"}],"replies":[{"embeddable":true,"href":"https:\/\/24gliwice.pl\/test\/wp-json\/wp\/v2\/comments?post=36947"}],"version-history":[{"count":2,"href":"https:\/\/24gliwice.pl\/test\/wp-json\/wp\/v2\/posts\/36947\/revisions"}],"predecessor-version":[{"id":36951,"href":"https:\/\/24gliwice.pl\/test\/wp-json\/wp\/v2\/posts\/36947\/revisions\/36951"}],"wp:featuredmedia":[{"embeddable":true,"href":"https:\/\/24gliwice.pl\/test\/wp-json\/wp\/v2\/media\/36948"}],"wp:attachment":[{"href":"https:\/\/24gliwice.pl\/test\/wp-json\/wp\/v2\/media?parent=36947"}],"wp:term":[{"taxonomy":"category","embeddable":true,"href":"https:\/\/24gliwice.pl\/test\/wp-json\/wp\/v2\/categories?post=36947"},{"taxonomy":"post_tag","embeddable":true,"href":"https:\/\/24gliwice.pl\/test\/wp-json\/wp\/v2\/tags?post=36947"}],"curies":[{"name":"wp","href":"https:\/\/api.w.org\/{rel}","templated":true}]}}