{"id":36969,"date":"2011-11-28T21:39:46","date_gmt":"2011-11-28T20:39:46","guid":{"rendered":"http:\/\/www.24gliwice.pl\/wiadomosci\/?p=36969"},"modified":"2011-12-01T18:13:30","modified_gmt":"2011-12-01T17:13:30","slug":"mamy-dla-was-5-plyt-ani-wyszkoni-platynowa-edycja-z-autografem","status":"publish","type":"post","link":"https:\/\/24gliwice.pl\/test\/mamy-dla-was-5-plyt-ani-wyszkoni-platynowa-edycja-z-autografem\/","title":{"rendered":"Mamy dla Was 5 p\u0142yt Ani Wyszkoni. Platynowa edycja z autografem!"},"content":{"rendered":"<p><img loading=\"lazy\" loading=\"lazy\" decoding=\"async\" src=\"http:\/\/www.24gliwice.pl\/wiadomosci\/wp-content\/uploads\/2011\/11\/wyszkoni.jpg\" alt=\"\" title=\"\" width=\"237\" height=\"213\" class=\"alignright size-medium wp-image-36970\" \/>W niedziel\u0119 (4 grudnia) w Centrum Handlowym FORUM fina\u0142 loterii, w kt\u00f3rej do wygrania jest ekskluzywna wycieczka na zakupy do bardzo modnego europejskiego miasta i 4000 euro.<\/p>\n<h1>Go\u015bciem specjalnym fina\u0142u b\u0119dzie Ania Wyszkoni! Pocz\u0105tek jej koncertu ok. godz. 18.30.<\/h1>\n<p><!--more--><\/p>\n<p>Z okazji przyjazdu do Gliwic artystka przygotowa\u0142a p\u0142yty z autografem. To album ?Pan i Pani? Platynowa Edycja (digipack, kt\u00f3ry opr\u00f3cz CD zawiera r\u00f3wnie\u017c DVD z teledyskami i making of).<\/p>\n<h1>Pi\u0119\u0107 zestaw\u00f3w trafi\u0142o do naszej redakcji.<\/h1>\n<blockquote><p>Co trzeba zrobi\u0107, aby je zdoby\u0107?<\/p>\n<p>1. By\u0107 u\u017cytkownikiem Facebooka i mie\u0107 nasz &#8220;facebook&#8217;owy&#8221; profil w &#8220;lubi\u0119 to&#8221;. <a href=\"http:\/\/www.facebook.com\/24gliwice\" target=\"_blank\">LINK >><\/a><br \/>\n2. Wys\u0142a\u0107 na e-mail redakcja@24gliwice.pl odpowied\u017a na proste pytanie: Do jakiego miasta pojedzie zwyci\u0119zca loterii w CH FORUM?<\/p><\/blockquote>\n<p>Odpowiedzi nale\u017cy podpisa\u0107 imieniem i nazwiskiem.<br \/>\nW\u015br\u00f3d wszystkich os\u00f3b, kt\u00f3re udziel\u0105 prawid\u0142owych odpowiedzi i spe\u0142ni\u0105 warunek nr 1, wylosujemy 5 p\u0142ytek. Zabawa trwa do czwartku, 1 grudnia do 18.00. Zwyci\u0119zcy konkursu mog\u0105 odbiera\u0107 p\u0142yty w Punkcie Informacyjnym w CH FORUM od niedzieli (4 grudnia).<\/p>\n","protected":false},"excerpt":{"rendered":"<p>KONKURS DLA U\u017bYTKOWNIK\u00d3W FACEBOOKA<\/p>\n","protected":false},"author":4,"featured_media":36970,"comment_status":"closed","ping_status":"closed","sticky":false,"template":"","format":"standard","meta":{"footnotes":"","_links_to":"","_links_to_target":""},"categories":[1],"tags":[1222,1223],"class_list":{"0":"post-36969","1":"post","2":"type-post","3":"status-publish","4":"format-standard","5":"has-post-thumbnail","7":"category-pozostale","8":"tag-ania-wyszkoni-koncert-gliwice","9":"tag-forum-gliwice-wyszkoni"},"_links":{"self":[{"href":"https:\/\/24gliwice.pl\/test\/wp-json\/wp\/v2\/posts\/36969","targetHints":{"allow":["GET"]}}],"collection":[{"href":"https:\/\/24gliwice.pl\/test\/wp-json\/wp\/v2\/posts"}],"about":[{"href":"https:\/\/24gliwice.pl\/test\/wp-json\/wp\/v2\/types\/post"}],"author":[{"embeddable":true,"href":"https:\/\/24gliwice.pl\/test\/wp-json\/wp\/v2\/users\/4"}],"replies":[{"embeddable":true,"href":"https:\/\/24gliwice.pl\/test\/wp-json\/wp\/v2\/comments?post=36969"}],"version-history":[{"count":14,"href":"https:\/\/24gliwice.pl\/test\/wp-json\/wp\/v2\/posts\/36969\/revisions"}],"predecessor-version":[{"id":36991,"href":"https:\/\/24gliwice.pl\/test\/wp-json\/wp\/v2\/posts\/36969\/revisions\/36991"}],"wp:featuredmedia":[{"embeddable":true,"href":"https:\/\/24gliwice.pl\/test\/wp-json\/wp\/v2\/media\/36970"}],"wp:attachment":[{"href":"https:\/\/24gliwice.pl\/test\/wp-json\/wp\/v2\/media?parent=36969"}],"wp:term":[{"taxonomy":"category","embeddable":true,"href":"https:\/\/24gliwice.pl\/test\/wp-json\/wp\/v2\/categories?post=36969"},{"taxonomy":"post_tag","embeddable":true,"href":"https:\/\/24gliwice.pl\/test\/wp-json\/wp\/v2\/tags?post=36969"}],"curies":[{"name":"wp","href":"https:\/\/api.w.org\/{rel}","templated":true}]}}