{"id":54997,"date":"2013-10-01T20:21:20","date_gmt":"2013-10-01T18:21:20","guid":{"rendered":"http:\/\/www.24gliwice.pl\/wiadomosci\/?p=54997"},"modified":"2013-10-07T20:29:21","modified_gmt":"2013-10-07T18:29:21","slug":"54997","status":"publish","type":"post","link":"https:\/\/24gliwice.pl\/test\/54997\/","title":{"rendered":""},"content":{"rendered":"<p>W publikacji z dn. 16.09.2013 do naszego tekstu pod tytu\u0142em ?WTA ? rok p\u00f3\u017aniej? wkrad\u0142 si\u0119 niezamierzony b\u0142\u0105d we fragmencie dotycz\u0105cym kosztu organizacji WTA. Oczywi\u015bcie, \u0142\u0105czny koszt wyni\u00f3s\u0142 1,49 mln z\u0142, a nie 2,6 mln z\u0142, jak napisali\u015bmy. Za b\u0142\u0105d przepraszamy. Na \u017cyczenie Wydzia\u0142u Kultury i Promocji, publikujemy poni\u017csze sprostowanie.<\/p>\n<blockquote><p>?Organizacja Generalnego Zgromadzenia WTA, kt\u00f3re odby\u0142o si\u0119 we wrze\u015bniu 2012 r. w Gliwicach wraz z imprezami towarzysz\u0105cymi i kampani\u0105 promocyjn\u0105 kosztowa\u0142a \u0142\u0105cznie ok. 1,49 mln z\u0142. Podana przez Redakcj\u0119 informacj\u0105 o \u0142\u0105cznym koszcie organizacji wydarzenia ? 2,6 mln z\u0142 jest nieprawdziwa.?<\/p><\/blockquote>\n","protected":false},"excerpt":{"rendered":"<p>SPROSTOWANIE<\/p>\n","protected":false},"author":4,"featured_media":0,"comment_status":"closed","ping_status":"closed","sticky":false,"template":"","format":"standard","meta":{"footnotes":"","_links_to":"","_links_to_target":""},"categories":[1],"tags":[],"class_list":{"0":"post-54997","1":"post","2":"type-post","3":"status-publish","4":"format-standard","6":"category-pozostale"},"_links":{"self":[{"href":"https:\/\/24gliwice.pl\/test\/wp-json\/wp\/v2\/posts\/54997","targetHints":{"allow":["GET"]}}],"collection":[{"href":"https:\/\/24gliwice.pl\/test\/wp-json\/wp\/v2\/posts"}],"about":[{"href":"https:\/\/24gliwice.pl\/test\/wp-json\/wp\/v2\/types\/post"}],"author":[{"embeddable":true,"href":"https:\/\/24gliwice.pl\/test\/wp-json\/wp\/v2\/users\/4"}],"replies":[{"embeddable":true,"href":"https:\/\/24gliwice.pl\/test\/wp-json\/wp\/v2\/comments?post=54997"}],"version-history":[{"count":1,"href":"https:\/\/24gliwice.pl\/test\/wp-json\/wp\/v2\/posts\/54997\/revisions"}],"predecessor-version":[{"id":54998,"href":"https:\/\/24gliwice.pl\/test\/wp-json\/wp\/v2\/posts\/54997\/revisions\/54998"}],"wp:attachment":[{"href":"https:\/\/24gliwice.pl\/test\/wp-json\/wp\/v2\/media?parent=54997"}],"wp:term":[{"taxonomy":"category","embeddable":true,"href":"https:\/\/24gliwice.pl\/test\/wp-json\/wp\/v2\/categories?post=54997"},{"taxonomy":"post_tag","embeddable":true,"href":"https:\/\/24gliwice.pl\/test\/wp-json\/wp\/v2\/tags?post=54997"}],"curies":[{"name":"wp","href":"https:\/\/api.w.org\/{rel}","templated":true}]}}