{"id":56771,"date":"2013-12-11T10:24:34","date_gmt":"2013-12-11T09:24:34","guid":{"rendered":"http:\/\/www.24gliwice.pl\/wiadomosci\/?p=56771"},"modified":"2013-12-11T10:24:34","modified_gmt":"2013-12-11T09:24:34","slug":"ruch-wahadlowy-przez-tydzien-kierowcow-czekaja-utrudnienia-na-ul-blonie","status":"publish","type":"post","link":"https:\/\/24gliwice.pl\/test\/ruch-wahadlowy-przez-tydzien-kierowcow-czekaja-utrudnienia-na-ul-blonie\/","title":{"rendered":"Ruch wahad\u0142owy przez tydzie\u0144. Kierowc\u00f3w czekaj\u0105 utrudnienia na ul. B\u0142onie"},"content":{"rendered":"<p><H3><img loading=\"lazy\" loading=\"lazy\" decoding=\"async\" src=\"http:\/\/www.24gliwice.pl\/wiadomosci\/wp-content\/uploads\/2013\/12\/dscf3006-510x245.jpg\" alt=\"\" title=\"\" width=\"510\" height=\"245\" class=\"aligncenter size-medium wp-image-56772\" \/>W poniedzia\u0142ek 16 grudnia w godzinach przedpo\u0142udniowych na ul. B\u0142onie w Gliwicach zostanie wprowadzony ruch wahad\u0142owy.<\/H3> B\u0119dzie on obowi\u0105zywa\u0107 przez oko\u0142o tydzie\u0144 czasu, utrudnienia maj\u0105 si\u0119 sko\u0144czy\u0107 przed \u015bwi\u0119tami.<!--more--><\/p>\n<p>Wprowadzenie ruchu wahad\u0142owego na ul. B\u0142onie wi\u0105\u017ce si\u0119 z realizowan\u0105 przez Skanska budow\u0105 jednego z obiekt\u00f3w Drogowej Trasy \u015arednicowej w Gliwicach, kt\u00f3ry powstaje w\u0142a\u015bnie nad ul. B\u0142onie.<\/p>\n<p><strong>Wahad\u0142o przez tydzie\u0144<\/strong><br \/>\nWahad\u0142o b\u0119dzie zlokalizowane na ul. B\u0142onie w pobli\u017cu nowo wybudowanego ronda na po\u0142\u0105czeniu z ul. Kujawskiej, a dok\u0142adnie pod obiektem GW 1-4 trasy budowanej tutaj przez Skanska DT\u015a-ki. Ruch b\u0119dzie sterowany za pomoc\u0105 sygnalizacji \u015bwietlnej, a je\u015bli zajdzie taka potrzeba, to tak\u017ce z r\u0119cznym sterowaniem w godzinach szczytu.<br \/>\nZmiana w organizacji ruchu i utrudnienia dla kierowc\u00f3w planowane s\u0105 przez oko\u0142o tydzie\u0144 czasu, do 20 grudnia, tak aby kierowcy w czasie \u015bwi\u0105t Bo\u017cego Narodzenia mogli porusza\u0107 si\u0119 w tym miejscu ju\u017c bez przeszk\u00f3d.<\/p>\n","protected":false},"excerpt":{"rendered":"<p>ZMIANY DOTYCZ\u0104 ODCINKA PRZY NOWYM RONDZIE<\/p>\n","protected":false},"author":4,"featured_media":69464,"comment_status":"open","ping_status":"closed","sticky":false,"template":"","format":"standard","meta":{"footnotes":"","_links_to":"","_links_to_target":""},"categories":[3,1],"tags":[],"class_list":{"0":"post-56771","1":"post","2":"type-post","3":"status-publish","4":"format-standard","5":"has-post-thumbnail","7":"category-gliwice","8":"category-pozostale"},"_links":{"self":[{"href":"https:\/\/24gliwice.pl\/test\/wp-json\/wp\/v2\/posts\/56771","targetHints":{"allow":["GET"]}}],"collection":[{"href":"https:\/\/24gliwice.pl\/test\/wp-json\/wp\/v2\/posts"}],"about":[{"href":"https:\/\/24gliwice.pl\/test\/wp-json\/wp\/v2\/types\/post"}],"author":[{"embeddable":true,"href":"https:\/\/24gliwice.pl\/test\/wp-json\/wp\/v2\/users\/4"}],"replies":[{"embeddable":true,"href":"https:\/\/24gliwice.pl\/test\/wp-json\/wp\/v2\/comments?post=56771"}],"version-history":[{"count":2,"href":"https:\/\/24gliwice.pl\/test\/wp-json\/wp\/v2\/posts\/56771\/revisions"}],"predecessor-version":[{"id":56774,"href":"https:\/\/24gliwice.pl\/test\/wp-json\/wp\/v2\/posts\/56771\/revisions\/56774"}],"wp:featuredmedia":[{"embeddable":true,"href":"https:\/\/24gliwice.pl\/test\/wp-json\/wp\/v2\/media\/69464"}],"wp:attachment":[{"href":"https:\/\/24gliwice.pl\/test\/wp-json\/wp\/v2\/media?parent=56771"}],"wp:term":[{"taxonomy":"category","embeddable":true,"href":"https:\/\/24gliwice.pl\/test\/wp-json\/wp\/v2\/categories?post=56771"},{"taxonomy":"post_tag","embeddable":true,"href":"https:\/\/24gliwice.pl\/test\/wp-json\/wp\/v2\/tags?post=56771"}],"curies":[{"name":"wp","href":"https:\/\/api.w.org\/{rel}","templated":true}]}}