{"id":65495,"date":"2014-12-30T15:36:37","date_gmt":"2014-12-30T14:36:37","guid":{"rendered":"http:\/\/www.24gliwice.pl\/wiadomosci\/?p=65495"},"modified":"2014-12-30T15:36:37","modified_gmt":"2014-12-30T14:36:37","slug":"sylwester-w-gliwicach-sprawdz-co-bedzie-sie-dzialo-w-centrum-miasta","status":"publish","type":"post","link":"https:\/\/24gliwice.pl\/test\/sylwester-w-gliwicach-sprawdz-co-bedzie-sie-dzialo-w-centrum-miasta\/","title":{"rendered":"Sylwester w Gliwicach? Sprawd\u017a co b\u0119dzie si\u0119 dzia\u0142o w centrum miasta"},"content":{"rendered":"<h3><img loading=\"lazy\" loading=\"lazy\" decoding=\"async\" src=\"http:\/\/www.24gliwice.pl\/wiadomosci\/wp-content\/uploads\/2014\/12\/1556299_659118787468264_626808595_o-510x281.jpg\" alt=\"\" title=\"\" width=\"510\" height=\"281\" class=\"aligncenter size-medium wp-image-65497\" srcset=\"https:\/\/24gliwice.pl\/test\/wp-content\/uploads\/2014\/12\/1556299_659118787468264_626808595_o-510x281.jpg 510w, https:\/\/24gliwice.pl\/test\/wp-content\/uploads\/2014\/12\/1556299_659118787468264_626808595_o.jpg 660w\" sizes=\"auto, (max-width: 510px) 100vw, 510px\" \/>&#8211; B\u0119dzie widowiskowo, muzycznie i bardzo tanecznie &#8211; zapewniaj\u0105 organizatorzy.<\/h3>\n<p>Tym razem jednak na Placu Krakowskim nie b\u0119dzie tak mocnej obsady artystycznej, jak rok temu (kiedy dla gliwiczan zagra\u0142a m.in. ceniona formacja &#8220;Kamp!&#8221;), ale i tak na gliwiczan czeka sporo atrakcji.<!--more--> <\/p>\n<p>&#8211; Na Placu Krakowskim stanie wyj\u0105tkowa scena, jakiej jeszcze w Gliwicach nie by\u0142o. B\u0119dzie to konstrukcja typu ?cube? ze stanowiskami DJ-a i konferansjera. B\u0119dzie si\u0119 mo\u017cna bawi\u0107 w rytmie przeboj\u00f3w popularnych stacji radiowych. Impreza wystartuje o godzinie <strong>23.00<\/strong>. Zaplanowano te\u017c specjalne pokazy mappingu i feerii \u015bwiate\u0142. Natomiast o p\u00f3\u0142nocy w niebo wystrzel\u0105 sztuczne ognie. Wsp\u00f3lna zabawa na \u015br\u00f3dmiejskim placu potrwa do godz. <strong>1.00<\/strong> &#8211; informuj\u0105 urz\u0119dnicy.<\/p>\n<h3>W s\u0105siedztwie Placu Krakowskiego ? na patio za budynkiem rektoratu Politechniki \u015al\u0105skiej ? stanie hala namiotowa, w kt\u00f3rej trwa\u0107 b\u0119dzie impreza klubowa z grup\u0105 DJ-sk\u0105 GARDENBEAT.<\/h3>\n<p> To grupa ludzi zajmuj\u0105ca si\u0119 nie tylko muzyk\u0105 i jej tworzeniem, ale tak\u017ce prac\u0105 nad obrazem w r\u00f3\u017cnych postaciach. Od pi\u0119ciu lat organizatorem wydarze\u0144 jest Ken-G ? DJ z Gliwic, kt\u00f3ry z wielk\u0105 pasj\u0105 i zaanga\u017cowaniem stara si\u0119 promowa\u0107 muzyk\u0119 elektroniczn\u0105 na \u015al\u0105sku. W naszym mie\u015bcie imprezy spod znaku GARDENBEAT odbywa\u0142y si\u0119 m.in. w klubach: Be Free, Ex Lemon, Soho, Surf Club oraz na terenie Starej Fabryki Drutu. Najbli\u017csza ? sylwestrowa ? rozpocznie si\u0119 o godzinie <strong>21.00<\/strong> i potrwa do <strong>4.00<\/strong>.<\/p>\n","protected":false},"excerpt":{"rendered":"<p>JAK CO ROKU, O P\u00d3\u0141NOCY ZAPLANOWANO POKAZ SZTUCZNYCH OGNI<\/p>\n","protected":false},"author":12,"featured_media":68905,"comment_status":"open","ping_status":"closed","sticky":false,"template":"","format":"standard","meta":{"footnotes":"","_links_to":"","_links_to_target":""},"categories":[3,1],"tags":[5824],"class_list":{"0":"post-65495","1":"post","2":"type-post","3":"status-publish","4":"format-standard","5":"has-post-thumbnail","7":"category-gliwice","8":"category-pozostale","9":"tag-sylwester-2014"},"_links":{"self":[{"href":"https:\/\/24gliwice.pl\/test\/wp-json\/wp\/v2\/posts\/65495","targetHints":{"allow":["GET"]}}],"collection":[{"href":"https:\/\/24gliwice.pl\/test\/wp-json\/wp\/v2\/posts"}],"about":[{"href":"https:\/\/24gliwice.pl\/test\/wp-json\/wp\/v2\/types\/post"}],"author":[{"embeddable":true,"href":"https:\/\/24gliwice.pl\/test\/wp-json\/wp\/v2\/users\/12"}],"replies":[{"embeddable":true,"href":"https:\/\/24gliwice.pl\/test\/wp-json\/wp\/v2\/comments?post=65495"}],"version-history":[{"count":3,"href":"https:\/\/24gliwice.pl\/test\/wp-json\/wp\/v2\/posts\/65495\/revisions"}],"predecessor-version":[{"id":65499,"href":"https:\/\/24gliwice.pl\/test\/wp-json\/wp\/v2\/posts\/65495\/revisions\/65499"}],"wp:featuredmedia":[{"embeddable":true,"href":"https:\/\/24gliwice.pl\/test\/wp-json\/wp\/v2\/media\/68905"}],"wp:attachment":[{"href":"https:\/\/24gliwice.pl\/test\/wp-json\/wp\/v2\/media?parent=65495"}],"wp:term":[{"taxonomy":"category","embeddable":true,"href":"https:\/\/24gliwice.pl\/test\/wp-json\/wp\/v2\/categories?post=65495"},{"taxonomy":"post_tag","embeddable":true,"href":"https:\/\/24gliwice.pl\/test\/wp-json\/wp\/v2\/tags?post=65495"}],"curies":[{"name":"wp","href":"https:\/\/api.w.org\/{rel}","templated":true}]}}