{"id":6686,"date":"2009-07-14T11:48:35","date_gmt":"2009-07-14T09:48:35","guid":{"rendered":"http:\/\/www.24gliwice.pl\/wiadomosci\/?p=6686"},"modified":"2010-02-24T00:32:09","modified_gmt":"2010-02-23T23:32:09","slug":"dzieci-unieruchomily-fontanne","status":"publish","type":"post","link":"https:\/\/24gliwice.pl\/test\/dzieci-unieruchomily-fontanne\/","title":{"rendered":"Dzieci unieruchomi\u0142y fontann\u0119"},"content":{"rendered":"<h3><img loading=\"lazy\" loading=\"lazy\" decoding=\"async\" src=\"http:\/\/www.24gliwice.pl\/wiadomosci\/wp-content\/uploads\/2009\/07\/fontanna.jpg\" alt=\"\" title=\"fontanna\" width=\"300\" height=\"230\" class=\"alignleft size-medium wp-image-6685\" \/>ZABRZE.  Oddany niedawno do u\u017cytku pi\u0119knie wyremontowany plac przy ul. 3 Maja sta\u0142 si\u0119 ulubionym miejscem mieszka\u0144c\u00f3w.<\/h3>\n<p> Szczeg\u00f3lnie miejsce to upodoba\u0142y sobie dzieci je\u017cd\u017c\u0105ce na rowerach lub rolkach.<!--more--><\/p>\n<blockquote><p>&#8211; Wok\u00f3\u0142 fontanny na skwerze przy powinien si\u0119 pojawi\u0107 ma\u0142y p\u0142otek, bo je\u017cd\u017c\u0105ce na rowerach i rolkach dzieci mog\u0105 do niej powpada\u0107. Sama musia\u0142am ju\u017c ratowa\u0107 swoje dziecko przed k\u0105piel\u0105 &#8211; <strong>kilka dni temu sygnalizowa\u0142a nam jedna z Czytelniczek.<\/strong><\/p><\/blockquote>\n<p>Jak si\u0119 okaza\u0142o, nied\u0142ugo po telefonie Czytelniczki, fontanna zosta\u0142a uszkodzona. Do czasu wymiany zniszczonych element\u00f3w, trzeba j\u0105 by\u0142o wy\u0142\u0105czy\u0107 na kilka dni. W przysz\u0142o\u015bci w tym miejscu pojawi si\u0119 monitoring, a tymczasem fontanny b\u0119d\u0105 pilnowa\u0107 stra\u017cnicy miejscy. <\/p>\n","protected":false},"excerpt":{"rendered":"<p>W przysz\u0142o\u015bci w okolicy fontanny pojawi si\u0119 monitoring.<\/p>\n","protected":false},"author":3,"featured_media":6685,"comment_status":"open","ping_status":"closed","sticky":false,"template":"","format":"standard","meta":{"footnotes":"","_links_to":"","_links_to_target":""},"categories":[9],"tags":[],"class_list":{"0":"post-6686","1":"post","2":"type-post","3":"status-publish","4":"format-standard","5":"has-post-thumbnail","7":"category-aktualnosci_lokalne"},"_links":{"self":[{"href":"https:\/\/24gliwice.pl\/test\/wp-json\/wp\/v2\/posts\/6686","targetHints":{"allow":["GET"]}}],"collection":[{"href":"https:\/\/24gliwice.pl\/test\/wp-json\/wp\/v2\/posts"}],"about":[{"href":"https:\/\/24gliwice.pl\/test\/wp-json\/wp\/v2\/types\/post"}],"author":[{"embeddable":true,"href":"https:\/\/24gliwice.pl\/test\/wp-json\/wp\/v2\/users\/3"}],"replies":[{"embeddable":true,"href":"https:\/\/24gliwice.pl\/test\/wp-json\/wp\/v2\/comments?post=6686"}],"version-history":[{"count":8,"href":"https:\/\/24gliwice.pl\/test\/wp-json\/wp\/v2\/posts\/6686\/revisions"}],"predecessor-version":[{"id":16069,"href":"https:\/\/24gliwice.pl\/test\/wp-json\/wp\/v2\/posts\/6686\/revisions\/16069"}],"wp:featuredmedia":[{"embeddable":true,"href":"https:\/\/24gliwice.pl\/test\/wp-json\/wp\/v2\/media\/6685"}],"wp:attachment":[{"href":"https:\/\/24gliwice.pl\/test\/wp-json\/wp\/v2\/media?parent=6686"}],"wp:term":[{"taxonomy":"category","embeddable":true,"href":"https:\/\/24gliwice.pl\/test\/wp-json\/wp\/v2\/categories?post=6686"},{"taxonomy":"post_tag","embeddable":true,"href":"https:\/\/24gliwice.pl\/test\/wp-json\/wp\/v2\/tags?post=6686"}],"curies":[{"name":"wp","href":"https:\/\/api.w.org\/{rel}","templated":true}]}}